{"id":1569,"date":"2024-03-31T10:10:25","date_gmt":"2024-03-31T10:10:25","guid":{"rendered":"https:\/\/www.lingotop.com\/?p=1569"},"modified":"2024-03-08T06:13:12","modified_gmt":"2024-03-08T06:13:12","slug":"tyska-reflexiva-verb-och-deras-anvandning-i-sammanhang","status":"publish","type":"post","link":"https:\/\/www.lingotop.com\/sv\/german-reflexive-verbs-and-their-usage-in-context","title":{"rendered":"Tyska reflexiva verb och deras anv\u00e4ndning i kontext"},"content":{"rendered":"<div id=\"lingo-3690539227\" class=\"lingo-before-content-2 lingo-entity-placement\"><div class=\"not\" data-no-auto-translation=\"\">\r\n<div style=\"text-align: center; margin-bottom: 30px; padding: 15px 10px 20px 10px; border: solid #efefef;\">\r\n<div style=\"font-weight: bold; font-size: 120%; padding-bottom: 10px;\">Vill du l\u00e4ra dig ett spr\u00e5k snabbare?<\/div>\r\n<p>R\u00e4tt app kan g\u00f6ra hela skillnaden.<\/p>\r\n<p>G\u00f6r detta gratis 30-sekundersquiz och hitta appen som hj\u00e4lper dig att l\u00e4ra dig snabbare.<\/p>\r\n<a class=\"a4\" href=\"https:\/\/www.lingotop.com\/sv\/spraktest\" rel=\"nofollow noopener\" target=\"_blank\">Starta quizet<\/a><br \/>\r\n<\/div>\t<\/div><\/div><p>Reflexiva verb spelar en avg\u00f6rande roll i det tyska spr\u00e5ket, eftersom de anger handlingar som subjektet utf\u00f6r p\u00e5 sig sj\u00e4lvt. Att f\u00f6rst\u00e5 hur man anv\u00e4nder reflexiva verb p\u00e5 r\u00e4tt s\u00e4tt kan f\u00f6rb\u00e4ttra din f\u00f6rm\u00e5ga att kommunicera effektivt p\u00e5 tyska. I den h\u00e4r artikeln tittar vi n\u00e4rmare p\u00e5 anv\u00e4ndningen av tyska reflexiva verb i olika sammanhang, tillsammans med exempel som illustrerar hur de anv\u00e4nds.<\/p>\n<p>&nbsp;<\/p>\n<h2>Vad \u00e4r reflexiva verb?<\/h2>\n<p>Reflexiva verb p\u00e5 tyska \u00e4r verb som \u00e5tf\u00f6ljs av ett reflexivt pronomen, som vanligtvis slutar p\u00e5 <span class=\"not\" data-no-auto-translation=\"\">&#8220;-self&#8221;<\/span> eller <span class=\"not\" data-no-auto-translation=\"\">&#8220;-selves&#8221;<\/span> p\u00e5 engelska. Dessa pronomen anger att verbets handling reflekteras tillbaka p\u00e5 subjektet. Till exempel, <span class=\"not\" data-no-auto-translation=\"\">&#8220;sich waschen&#8221;<\/span> betyder \"att tv\u00e4tta sig\", d\u00e4r <span class=\"not\" data-no-auto-translation=\"\">&#8220;sich&#8221;<\/span> \u00e4r det reflexiva pronomenet.<\/p>\n<p>&nbsp;<\/p>\n<h2>Reflexiva verb i dagliga aktiviteter<\/h2>\n<p>Reflexiva verb anv\u00e4nds ofta n\u00e4r man beskriver dagliga aktiviteter som individer utf\u00f6r p\u00e5 sig sj\u00e4lva. H\u00e4r \u00e4r n\u00e5gra exempel:<\/p>\n<ol>\n<li>\n<p><strong><span class=\"not\" data-no-auto-translation=\"\">sich anziehen<\/span><\/strong> - att kl\u00e4 sig sj\u00e4lv<br \/>\n<em>Exempel: <span class=\"not\" data-no-auto-translation=\"\">Ich ziehe mich morgens schnell an.<\/span><\/em> (Jag kl\u00e4r mig snabbt p\u00e5 morgonen.)<\/p>\n<\/li>\n<li>\n<p><strong><span class=\"not\" data-no-auto-translation=\"\">sich waschen<\/span><\/strong> - att tv\u00e4tta sig sj\u00e4lv<br \/>\n<em>Exempel: <span class=\"not\" data-no-auto-translation=\"\">Er w\u00e4scht sich gr\u00fcndlich die H\u00e4nde.<\/span><\/em> (Han tv\u00e4ttar h\u00e4nderna noggrant.)<\/p>\n<\/li>\n<li>\n<p><strong><span class=\"not\" data-no-auto-translation=\"\">sich die Haare k\u00e4mmen<\/span><\/strong> - att kamma sitt h\u00e5r<br \/>\n<em>Exempel: <span class=\"not\" data-no-auto-translation=\"\">Sie k\u00e4mmt sich die Haare vor dem Spiegel.<\/span><\/em> (Hon kammar sitt h\u00e5r framf\u00f6r spegeln.)<\/p>\n<\/li>\n<\/ol>\n<p>&nbsp;<\/p>\n<h2>Reflexiva verb i k\u00e4nslor och tillst\u00e5nd<\/h2>\n<p>Reflexiva verb anv\u00e4nds ocks\u00e5 f\u00f6r att uttrycka k\u00e4nslor eller tillst\u00e5nd som p\u00e5verkar en sj\u00e4lv. H\u00e4r \u00e4r n\u00e5gra exempel:<\/p>\n<ol>\n<li>\n<p><strong><span class=\"not\" data-no-auto-translation=\"\">sich freuen<\/span><\/strong> - att vara lycklig<br \/>\n<em>Exempel: <span class=\"not\" data-no-auto-translation=\"\">Wir freuen uns auf das Wochenende.<\/span><\/em> (Vi ser fram emot helgen.)<\/p>\n<\/li>\n<li>\n<p><strong><span class=\"not\" data-no-auto-translation=\"\">sich \u00e4rgern<\/span><\/strong> - att vara irriterad<br \/>\n<em>Exempel: <span class=\"not\" data-no-auto-translation=\"\">Warum \u00e4rgerst du dich \u00fcber kleine Dinge?<\/span><\/em> (Varf\u00f6r blir du irriterad \u00f6ver sm\u00e5saker?)<\/p>\n<\/li>\n<li>\n<p><strong><span class=\"not\" data-no-auto-translation=\"\">sich entspannen<\/span><\/strong> - f\u00f6r att slappna av<br \/>\n<em>Exempel: <span class=\"not\" data-no-auto-translation=\"\">Nach der Arbeit entspannt er sich gerne vor dem Fernseher.<\/span><\/em> (Efter jobbet kopplar han g\u00e4rna av framf\u00f6r TV:n.)<\/p>\n<\/li>\n<\/ol>\n<p>&nbsp;<\/p>\n<h2>Reflexiva verb i \u00f6msesidiga handlingar<\/h2>\n<p>Reflexiva verb kan ocks\u00e5 ange \u00f6msesidiga handlingar mellan tv\u00e5 eller flera individer. H\u00e4r \u00e4r ett par exempel:<\/p>\n<ol>\n<li>\n<p><strong><span class=\"not\" data-no-auto-translation=\"\">sich treffen<\/span><\/strong> - att tr\u00e4ffa varandra<br \/>\n<em>Exempel: <span class=\"not\" data-no-auto-translation=\"\">Wir treffen uns morgen im Caf\u00e9.<\/span><\/em> (Vi ska tr\u00e4ffas p\u00e5 caf\u00e9et i morgon.)<\/p>\n<\/li>\n<li>\n<p><strong><span class=\"not\" data-no-auto-translation=\"\">sich umarmen<\/span><\/strong> - att krama varandra<br \/>\n<em>Exempel: <span class=\"not\" data-no-auto-translation=\"\">Die Freunde umarmen sich zur Begr\u00fc\u00dfung.<\/span><\/em> (V\u00e4nnerna kramar om varandra f\u00f6r att h\u00e4lsa.)<\/p>\n<\/li>\n<\/ol>\n<div id=\"lingo-1585899068\" class=\"lingo-after-content-2 lingo-entity-placement\"><div class=\"not\" data-no-auto-translation=\"\">\r\n<div style=\"text-align: center; margin-bottom: 30px; padding: 15px 10px 20px 10px; border: solid #efefef;\">\r\n<div style=\"font-weight: bold; font-size: 120%; padding-bottom: 10px;\">Vill du l\u00e4ra dig ett spr\u00e5k snabbare?<\/div>\r\n<p>R\u00e4tt app kan g\u00f6ra hela skillnaden.<\/p>\r\n<p>G\u00f6r detta gratis 30-sekundersquiz och hitta appen som hj\u00e4lper dig att l\u00e4ra dig snabbare.<\/p>\r\n<a class=\"a4\" href=\"https:\/\/www.lingotop.com\/sv\/spraktest\" rel=\"nofollow noopener\" target=\"_blank\">Starta quizet<\/a><br \/>\r\n<\/div><\/div><\/div>","protected":false},"excerpt":{"rendered":"<p>Reflexiva verb spelar en avg\u00f6rande roll i det tyska spr\u00e5ket, eftersom de anger handlingar som subjektet utf\u00f6r p\u00e5 sig sj\u00e4lvt. Att f\u00f6rst\u00e5 hur man anv\u00e4nder reflexiva verb p\u00e5 r\u00e4tt s\u00e4tt kan f\u00f6rb\u00e4ttra din f\u00f6rm\u00e5ga att kommunicera effektivt p\u00e5 tyska. I den h\u00e4r artikeln kommer vi att titta p\u00e5 anv\u00e4ndningen av tyska reflexiva verb i olika sammanhang, tillsammans med exempel f\u00f6r att illustrera ... <a title=\"Tyska reflexiva verb och deras anv\u00e4ndning i kontext\" class=\"read-more\" href=\"https:\/\/www.lingotop.com\/sv\/german-reflexive-verbs-and-their-usage-in-context\" aria-label=\"L\u00e4s mer om tyska reflexiva verb och deras anv\u00e4ndning i kontext\">L\u00e4s mer<\/a><\/p>","protected":false},"author":1,"featured_media":0,"comment_status":"closed","ping_status":"closed","sticky":false,"template":"","format":"standard","meta":{"_acf_changed":false,"footnotes":""},"categories":[30],"tags":[],"class_list":["post-1569","post","type-post","status-publish","format-standard","hentry","category-german"],"acf":[],"yoast_head":"<!-- This site is optimized with the Yoast SEO plugin v27.6 - https:\/\/yoast.com\/product\/yoast-seo-wordpress\/ -->\n<title>German Reflexive Verbs and Their Usage in Context<\/title>\n<meta name=\"robots\" content=\"index, follow, max-snippet:-1, max-image-preview:large, max-video-preview:-1\" \/>\n<link rel=\"canonical\" href=\"https:\/\/www.lingotop.com\/sv\/tyska-reflexiva-verb-och-deras-anvandning-i-sammanhang\/\" \/>\n<meta property=\"og:locale\" content=\"sv_SE\" \/>\n<meta property=\"og:type\" content=\"article\" \/>\n<meta property=\"og:title\" content=\"German Reflexive Verbs and Their Usage in Context\" \/>\n<meta property=\"og:description\" content=\"Reflexive verbs play a crucial role in the German language, indicating actions that the subject performs on itself. Understanding how to use reflexive verbs correctly can greatly enhance your ability to communicate effectively in German. In this article, we&#039;ll look into the usage of German reflexive verbs in various contexts, along with examples to illustrate ... L\u00e4s mer\" \/>\n<meta property=\"og:url\" content=\"https:\/\/www.lingotop.com\/sv\/tyska-reflexiva-verb-och-deras-anvandning-i-sammanhang\/\" \/>\n<meta property=\"og:site_name\" content=\"Lingotop\" \/>\n<meta property=\"article:published_time\" content=\"2024-03-31T10:10:25+00:00\" \/>\n<meta name=\"author\" content=\"Jesper\" \/>\n<meta name=\"twitter:card\" content=\"summary_large_image\" \/>\n<meta name=\"twitter:label1\" content=\"Skriven av\" \/>\n\t<meta name=\"twitter:data1\" content=\"Jesper\" \/>\n\t<meta name=\"twitter:label2\" content=\"Ber\u00e4knad l\u00e4stid\" \/>\n\t<meta name=\"twitter:data2\" content=\"2 minuter\" \/>\n<script type=\"application\/ld+json\" class=\"yoast-schema-graph\">{\"@context\":\"https:\\\/\\\/schema.org\",\"@graph\":[{\"@type\":\"Article\",\"@id\":\"https:\\\/\\\/www.lingotop.com\\\/german-reflexive-verbs-and-their-usage-in-context#article\",\"isPartOf\":{\"@id\":\"https:\\\/\\\/www.lingotop.com\\\/german-reflexive-verbs-and-their-usage-in-context\"},\"author\":{\"name\":\"Jesper\",\"@id\":\"https:\\\/\\\/www.lingotop.com\\\/en\\\/#\\\/schema\\\/person\\\/dedffff5c4a0c0a1bfc85f35b9e57021\"},\"headline\":\"German Reflexive Verbs and Their Usage in Context\",\"datePublished\":\"2024-03-31T10:10:25+00:00\",\"mainEntityOfPage\":{\"@id\":\"https:\\\/\\\/www.lingotop.com\\\/german-reflexive-verbs-and-their-usage-in-context\"},\"wordCount\":375,\"publisher\":{\"@id\":\"https:\\\/\\\/www.lingotop.com\\\/en\\\/#organization\"},\"articleSection\":[\"German\"],\"inLanguage\":\"sv-SE\"},{\"@type\":\"WebPage\",\"@id\":\"https:\\\/\\\/www.lingotop.com\\\/german-reflexive-verbs-and-their-usage-in-context\",\"url\":\"https:\\\/\\\/www.lingotop.com\\\/german-reflexive-verbs-and-their-usage-in-context\",\"name\":\"German Reflexive Verbs and Their Usage in Context\",\"isPartOf\":{\"@id\":\"https:\\\/\\\/www.lingotop.com\\\/en\\\/#website\"},\"datePublished\":\"2024-03-31T10:10:25+00:00\",\"breadcrumb\":{\"@id\":\"https:\\\/\\\/www.lingotop.com\\\/german-reflexive-verbs-and-their-usage-in-context#breadcrumb\"},\"inLanguage\":\"sv-SE\",\"potentialAction\":[{\"@type\":\"ReadAction\",\"target\":[\"https:\\\/\\\/www.lingotop.com\\\/german-reflexive-verbs-and-their-usage-in-context\"]}]},{\"@type\":\"BreadcrumbList\",\"@id\":\"https:\\\/\\\/www.lingotop.com\\\/german-reflexive-verbs-and-their-usage-in-context#breadcrumb\",\"itemListElement\":[{\"@type\":\"ListItem\",\"position\":1,\"name\":\"Home\",\"item\":\"https:\\\/\\\/www.lingotop.com\\\/\"},{\"@type\":\"ListItem\",\"position\":2,\"name\":\"German Reflexive Verbs and Their Usage in Context\"}]},{\"@type\":\"WebSite\",\"@id\":\"https:\\\/\\\/www.lingotop.com\\\/en\\\/#website\",\"url\":\"https:\\\/\\\/www.lingotop.com\\\/en\\\/\",\"name\":\"Lingotop\",\"description\":\"Learn languages online\",\"publisher\":{\"@id\":\"https:\\\/\\\/www.lingotop.com\\\/en\\\/#organization\"},\"potentialAction\":[{\"@type\":\"SearchAction\",\"target\":{\"@type\":\"EntryPoint\",\"urlTemplate\":\"https:\\\/\\\/www.lingotop.com\\\/en\\\/?s={search_term_string}\"},\"query-input\":{\"@type\":\"PropertyValueSpecification\",\"valueRequired\":true,\"valueName\":\"search_term_string\"}}],\"inLanguage\":\"sv-SE\"},{\"@type\":\"Organization\",\"@id\":\"https:\\\/\\\/www.lingotop.com\\\/en\\\/#organization\",\"name\":\"Lingotop\",\"url\":\"https:\\\/\\\/www.lingotop.com\\\/en\\\/\",\"logo\":{\"@type\":\"ImageObject\",\"inLanguage\":\"sv-SE\",\"@id\":\"https:\\\/\\\/www.lingotop.com\\\/en\\\/#\\\/schema\\\/logo\\\/image\\\/\",\"url\":\"https:\\\/\\\/www.lingotop.com\\\/wp-content\\\/uploads\\\/2024\\\/03\\\/lingotop-logo-new.png?wsr\",\"contentUrl\":\"https:\\\/\\\/www.lingotop.com\\\/wp-content\\\/uploads\\\/2024\\\/03\\\/lingotop-logo-new.png?wsr\",\"width\":989,\"height\":222,\"caption\":\"Lingotop\"},\"image\":{\"@id\":\"https:\\\/\\\/www.lingotop.com\\\/en\\\/#\\\/schema\\\/logo\\\/image\\\/\"}},{\"@type\":\"Person\",\"@id\":\"https:\\\/\\\/www.lingotop.com\\\/en\\\/#\\\/schema\\\/person\\\/dedffff5c4a0c0a1bfc85f35b9e57021\",\"name\":\"Jesper\",\"image\":{\"@type\":\"ImageObject\",\"inLanguage\":\"sv-SE\",\"@id\":\"https:\\\/\\\/secure.gravatar.com\\\/avatar\\\/5ff46f83ce962a741bd719be7cb170e6ec9041c021a913406ca1498bec6a5b7e?s=96&d=mm&r=g\",\"url\":\"https:\\\/\\\/secure.gravatar.com\\\/avatar\\\/5ff46f83ce962a741bd719be7cb170e6ec9041c021a913406ca1498bec6a5b7e?s=96&d=mm&r=g\",\"contentUrl\":\"https:\\\/\\\/secure.gravatar.com\\\/avatar\\\/5ff46f83ce962a741bd719be7cb170e6ec9041c021a913406ca1498bec6a5b7e?s=96&d=mm&r=g\",\"caption\":\"Jesper\"}}]}<\/script>\n<!-- \/ Yoast SEO plugin. -->","yoast_head_json":{"title":"Tyska reflexiva verb och deras anv\u00e4ndning i kontext","robots":{"index":"index","follow":"follow","max-snippet":"max-snippet:-1","max-image-preview":"max-image-preview:large","max-video-preview":"max-video-preview:-1"},"canonical":"https:\/\/www.lingotop.com\/sv\/tyska-reflexiva-verb-och-deras-anvandning-i-sammanhang\/","og_locale":"sv_SE","og_type":"article","og_title":"German Reflexive Verbs and Their Usage in Context","og_description":"Reflexive verbs play a crucial role in the German language, indicating actions that the subject performs on itself. Understanding how to use reflexive verbs correctly can greatly enhance your ability to communicate effectively in German. In this article, we'll look into the usage of German reflexive verbs in various contexts, along with examples to illustrate ... L\u00e4s mer","og_url":"https:\/\/www.lingotop.com\/sv\/tyska-reflexiva-verb-och-deras-anvandning-i-sammanhang\/","og_site_name":"Lingotop","article_published_time":"2024-03-31T10:10:25+00:00","author":"Jesper","twitter_card":"summary_large_image","twitter_misc":{"Skriven av":"Jesper","Ber\u00e4knad l\u00e4stid":"2 minuter"},"schema":{"@context":"https:\/\/schema.org","@graph":[{"@type":"Article","@id":"https:\/\/www.lingotop.com\/german-reflexive-verbs-and-their-usage-in-context#article","isPartOf":{"@id":"https:\/\/www.lingotop.com\/german-reflexive-verbs-and-their-usage-in-context"},"author":{"name":"Jesper","@id":"https:\/\/www.lingotop.com\/en\/#\/schema\/person\/dedffff5c4a0c0a1bfc85f35b9e57021"},"headline":"German Reflexive Verbs and Their Usage in Context","datePublished":"2024-03-31T10:10:25+00:00","mainEntityOfPage":{"@id":"https:\/\/www.lingotop.com\/german-reflexive-verbs-and-their-usage-in-context"},"wordCount":375,"publisher":{"@id":"https:\/\/www.lingotop.com\/en\/#organization"},"articleSection":["German"],"inLanguage":"sv-SE"},{"@type":"WebPage","@id":"https:\/\/www.lingotop.com\/german-reflexive-verbs-and-their-usage-in-context","url":"https:\/\/www.lingotop.com\/german-reflexive-verbs-and-their-usage-in-context","name":"Tyska reflexiva verb och deras anv\u00e4ndning i kontext","isPartOf":{"@id":"https:\/\/www.lingotop.com\/en\/#website"},"datePublished":"2024-03-31T10:10:25+00:00","breadcrumb":{"@id":"https:\/\/www.lingotop.com\/german-reflexive-verbs-and-their-usage-in-context#breadcrumb"},"inLanguage":"sv-SE","potentialAction":[{"@type":"ReadAction","target":["https:\/\/www.lingotop.com\/german-reflexive-verbs-and-their-usage-in-context"]}]},{"@type":"BreadcrumbList","@id":"https:\/\/www.lingotop.com\/german-reflexive-verbs-and-their-usage-in-context#breadcrumb","itemListElement":[{"@type":"ListItem","position":1,"name":"Home","item":"https:\/\/www.lingotop.com\/"},{"@type":"ListItem","position":2,"name":"German Reflexive Verbs and Their Usage in Context"}]},{"@type":"WebSite","@id":"https:\/\/www.lingotop.com\/en\/#website","url":"https:\/\/www.lingotop.com\/en\/","name":"Lingotop","description":"L\u00e4r dig spr\u00e5k p\u00e5 n\u00e4tet","publisher":{"@id":"https:\/\/www.lingotop.com\/en\/#organization"},"potentialAction":[{"@type":"SearchAction","target":{"@type":"EntryPoint","urlTemplate":"https:\/\/www.lingotop.com\/en\/?s={search_term_string}"},"query-input":{"@type":"PropertyValueSpecification","valueRequired":true,"valueName":"search_term_string"}}],"inLanguage":"sv-SE"},{"@type":"Organization","@id":"https:\/\/www.lingotop.com\/en\/#organization","name":"Lingotop","url":"https:\/\/www.lingotop.com\/en\/","logo":{"@type":"ImageObject","inLanguage":"sv-SE","@id":"https:\/\/www.lingotop.com\/en\/#\/schema\/logo\/image\/","url":"https:\/\/www.lingotop.com\/wp-content\/uploads\/2024\/03\/lingotop-logo-new.png?wsr","contentUrl":"https:\/\/www.lingotop.com\/wp-content\/uploads\/2024\/03\/lingotop-logo-new.png?wsr","width":989,"height":222,"caption":"Lingotop"},"image":{"@id":"https:\/\/www.lingotop.com\/en\/#\/schema\/logo\/image\/"}},{"@type":"Person","@id":"https:\/\/www.lingotop.com\/en\/#\/schema\/person\/dedffff5c4a0c0a1bfc85f35b9e57021","name":"Jesper","image":{"@type":"ImageObject","inLanguage":"sv-SE","@id":"https:\/\/secure.gravatar.com\/avatar\/5ff46f83ce962a741bd719be7cb170e6ec9041c021a913406ca1498bec6a5b7e?s=96&d=mm&r=g","url":"https:\/\/secure.gravatar.com\/avatar\/5ff46f83ce962a741bd719be7cb170e6ec9041c021a913406ca1498bec6a5b7e?s=96&d=mm&r=g","contentUrl":"https:\/\/secure.gravatar.com\/avatar\/5ff46f83ce962a741bd719be7cb170e6ec9041c021a913406ca1498bec6a5b7e?s=96&d=mm&r=g","caption":"Jesper"}}]}},"_links":{"self":[{"href":"https:\/\/www.lingotop.com\/sv\/wp-json\/wp\/v2\/posts\/1569","targetHints":{"allow":["GET"]}}],"collection":[{"href":"https:\/\/www.lingotop.com\/sv\/wp-json\/wp\/v2\/posts"}],"about":[{"href":"https:\/\/www.lingotop.com\/sv\/wp-json\/wp\/v2\/types\/post"}],"author":[{"embeddable":true,"href":"https:\/\/www.lingotop.com\/sv\/wp-json\/wp\/v2\/users\/1"}],"replies":[{"embeddable":true,"href":"https:\/\/www.lingotop.com\/sv\/wp-json\/wp\/v2\/comments?post=1569"}],"version-history":[{"count":4,"href":"https:\/\/www.lingotop.com\/sv\/wp-json\/wp\/v2\/posts\/1569\/revisions"}],"predecessor-version":[{"id":1766,"href":"https:\/\/www.lingotop.com\/sv\/wp-json\/wp\/v2\/posts\/1569\/revisions\/1766"}],"wp:attachment":[{"href":"https:\/\/www.lingotop.com\/sv\/wp-json\/wp\/v2\/media?parent=1569"}],"wp:term":[{"taxonomy":"category","embeddable":true,"href":"https:\/\/www.lingotop.com\/sv\/wp-json\/wp\/v2\/categories?post=1569"},{"taxonomy":"post_tag","embeddable":true,"href":"https:\/\/www.lingotop.com\/sv\/wp-json\/wp\/v2\/tags?post=1569"}],"curies":[{"name":"wp","href":"https:\/\/api.w.org\/{rel}","templated":true}]}}