{"id":5031,"date":"2024-11-02T13:37:20","date_gmt":"2024-11-02T13:37:20","guid":{"rendered":"https:\/\/www.lingotop.com\/?p=5031"},"modified":"2024-11-03T11:54:14","modified_gmt":"2024-11-03T11:54:14","slug":"il-avait-mis-ou-mit","status":"publish","type":"post","link":"https:\/\/www.lingotop.com\/pt\/il-avait-mis-ou-mit","title":{"rendered":"\"Il avait mis ou mit\" - O que est\u00e1 correto?"},"content":{"rendered":"<div id=\"lingo-2943593825\" class=\"lingo-before-content-2 lingo-entity-placement\"><div class=\"not\" data-no-auto-translation=\"\">\r\n\t<\/div><\/div><p><span class=\"not\" data-no-auto-translation=\"\">&#8220;il avait mis&#8221;<\/span> e <span class=\"not\" data-no-auto-translation=\"\">&#8220;il avait mit&#8221;<\/span>? A diferen\u00e7a reside na utiliza\u00e7\u00e3o correta dos partic\u00edpios passados na gram\u00e1tica francesa. Este artigo esclarece qual \u00e9 a op\u00e7\u00e3o gramaticalmente correta e porqu\u00ea, ajudando-o a evitar erros comuns ao utilizar os tempos verbais compostos do passado.<\/p>\n<h3 style=\"text-align: center;\"><span style=\"color: #339966;\"><strong class=\"not\" data-no-auto-translation=\"\">Il avait mis<\/strong><\/span> (correto)<\/h3>\n<h3 style=\"text-align: center;\"><span style=\"color: #ff0000;\"><strong class=\"not\" data-no-auto-translation=\"\">Il avait mit<\/strong><\/span> (incorreto)<\/h3>\n<h2>Compreender os partic\u00edpios passados em tempos compostos<\/h2>\n<p>Em franc\u00eas, os tempos compostos como o <strong><span class=\"not\" data-no-auto-translation=\"\">plus-que-parfait<\/span><\/strong> (mais-perfeito) s\u00e3o formados pela combina\u00e7\u00e3o do verbo auxiliar (<span class=\"not\" data-no-auto-translation=\"\">&#8220;avoir&#8221;<\/span> ou <span class=\"not\" data-no-auto-translation=\"\">&#8220;\u00eatre&#8221;<\/span>) com um partic\u00edpio passado. A forma correta aqui \u00e9 essencial porque afecta o significado e a precis\u00e3o da frase.<\/p>\n<h3>Forma correta: <strong><span class=\"not\" data-no-auto-translation=\"\">\u201cIl avait mis\u201d<\/span><\/strong><\/h3>\n<p>A express\u00e3o correta \u00e9 <strong><span class=\"not\" data-no-auto-translation=\"\">&#8220;il avait mis&#8221;<\/span><\/strong>, em que <span class=\"not\" data-no-auto-translation=\"\">&#8220;mis&#8221;<\/span> \u00e9 o partic\u00edpio passado do verbo <strong><span class=\"not\" data-no-auto-translation=\"\">mettre<\/span><\/strong> (colocar). Nesta frase:<\/p>\n<ul>\n<li><span class=\"not\" data-no-auto-translation=\"\">&#8220;Il avait&#8221;<\/span> traduz-se por \"ele tinha\" (o tempo imperfeito do verbo auxiliar <span class=\"not\" data-no-auto-translation=\"\">&#8220;avoir&#8221;<\/span>).<\/li>\n<li><span class=\"not\" data-no-auto-translation=\"\">&#8220;Mis&#8221;<\/span> \u00e9 o partic\u00edpio passado correto de <strong><span class=\"not\" data-no-auto-translation=\"\">mettre<\/span><\/strong> e n\u00e3o se altera em fun\u00e7\u00e3o do g\u00e9nero ou do n\u00famero do sujeito.<\/li>\n<\/ul>\n<p>Utilizar <span class=\"not\" data-no-auto-translation=\"\">&#8220;il avait mis&#8221;<\/span> \u00e9 gramaticalmente correta porque <span class=\"not\" data-no-auto-translation=\"\">&#8220;mis&#8221;<\/span> continua a ser o partic\u00edpio passado inalterado depois de <span class=\"not\" data-no-auto-translation=\"\">&#8220;avait&#8221;<\/span>e esta combina\u00e7\u00e3o exprime uma a\u00e7\u00e3o conclu\u00edda no passado.<\/p>\n<h3>Erro comum: <strong><span class=\"not\" data-no-auto-translation=\"\">\u201cIl avait mit\u201d<\/span><\/strong><\/h3>\n<p>Um erro frequente \u00e9 escrever <strong><span class=\"not\" data-no-auto-translation=\"\">&#8220;il avait mit&#8221;<\/span><\/strong> em vez de <strong><span class=\"not\" data-no-auto-translation=\"\">&#8220;il avait mis&#8221;<\/span><\/strong>. Este erro ocorre porque os alunos confundem frequentemente os padr\u00f5es de conjuga\u00e7\u00e3o dos verbos terminados em -re (como <span class=\"not\" data-no-auto-translation=\"\">&#8220;mettre&#8221;<\/span>) com as terminadas em -ir (como <span class=\"not\" data-no-auto-translation=\"\">&#8220;finir&#8221;<\/span>).<\/p>\n<h4>Porqu\u00ea <strong><span class=\"not\" data-no-auto-translation=\"\">\u201cMit\u201d<\/span><\/strong> est\u00e1 incorreto<\/h4>\n<ul>\n<li><span class=\"not\" data-no-auto-translation=\"\">&#8220;Mit&#8221;<\/span> n\u00e3o \u00e9 uma forma v\u00e1lida do verbo <strong><span class=\"not\" data-no-auto-translation=\"\">mettre<\/span><\/strong> em qualquer tempo verbal composto.<\/li>\n<li>N\u00e3o funciona como um partic\u00edpio passado e a sua utiliza\u00e7\u00e3o aqui violaria as regras gramaticais para a forma\u00e7\u00e3o de tempos compostos em franc\u00eas.<\/li>\n<\/ul>\n<h2>Porqu\u00ea <strong><span class=\"not\" data-no-auto-translation=\"\">\u201cIl avait mis\u201d<\/span><\/strong> \u00e9 a forma correta<\/h2>\n<p>Para confirmar que <strong><span class=\"not\" data-no-auto-translation=\"\">&#8220;il avait mis&#8221;<\/span><\/strong> est\u00e1 correto, lembre-se que <strong><span class=\"not\" data-no-auto-translation=\"\">mettre<\/span><\/strong> pertence ao grupo dos verbos com partic\u00edpios passados irregulares. O partic\u00edpio passado de <span class=\"not\" data-no-auto-translation=\"\">&#8220;mettre&#8221;<\/span> \u00e9 sempre <strong><span class=\"not\" data-no-auto-translation=\"\">mis<\/span><\/strong> em tempos compostos, independentemente do sujeito ou do contexto.<\/p>\n<ul>\n<li>Exemplos:\n<ul>\n<li><span class=\"not\" data-no-auto-translation=\"\">&#8220;Elle avait mis&#8221;<\/span> (Ela tinha posto)<\/li>\n<li><span class=\"not\" data-no-auto-translation=\"\">&#8220;Nous avions mis&#8221;<\/span> (T\u00ednhamos colocado)<\/li>\n<li><span class=\"not\" data-no-auto-translation=\"\">&#8220;Ils avaient mis&#8221;<\/span> (Eles tinham posto)<\/li>\n<\/ul>\n<\/li>\n<\/ul>\n<p>Estas formas seguem a mesma regra, sublinhando a invariabilidade de <span class=\"not\" data-no-auto-translation=\"\">&#8220;mis&#8221;<\/span> como partic\u00edpio passado em tais casos.<\/p>\n<h3>Exemplos adicionais para refor\u00e7ar a utiliza\u00e7\u00e3o correta<\/h3>\n<p>Se n\u00e3o tiver a certeza, considere outros verbos com partic\u00edpios passados irregulares que permanecem consistentes nos tempos compostos:<\/p>\n<ul>\n<li><span class=\"not\" data-no-auto-translation=\"\">&#8220;Il avait dit&#8221;<\/span> (Ele tinha dito) - do verbo <strong><span class=\"not\" data-no-auto-translation=\"\">dire<\/span><\/strong><\/li>\n<li><span class=\"not\" data-no-auto-translation=\"\">&#8220;Il avait fait&#8221;<\/span> (Ele tinha feito) - do verbo <strong><span class=\"not\" data-no-auto-translation=\"\">faire<\/span><\/strong><\/li>\n<li><span class=\"not\" data-no-auto-translation=\"\">&#8220;Il avait pris&#8221;<\/span> (Ele tinha tomado) - do verbo <strong><span class=\"not\" data-no-auto-translation=\"\">prendre<\/span><\/strong><\/li>\n<\/ul>\n<p>Em todos estes casos, o partic\u00edpio passado n\u00e3o muda, evidenciando a estrutura correta para <span class=\"not\" data-no-auto-translation=\"\">&#8220;il avait mis&#8221;<\/span>.<\/p>\n<div id=\"lingo-2240207467\" class=\"lingo-after-content-2 lingo-entity-placement\"><div class=\"not\" data-no-auto-translation=\"\">\r\n<\/div><\/div>","protected":false},"excerpt":{"rendered":"<p>\"il avait mis\" e \"il avait mit\"? A diferen\u00e7a reside na utiliza\u00e7\u00e3o correta dos partic\u00edpios passados na gram\u00e1tica francesa. Este artigo esclarece qual \u00e9 a op\u00e7\u00e3o gramaticalmente correta e porqu\u00ea, ajudando-o a evitar erros comuns ao utilizar tempos verbais compostos do passado. Il avait mis (correto) Il avait mit (incorreto) Compreender os partic\u00edpios passados nos tempos compostos Em ... <a title=\"&quot;Il avait mis ou mit&quot; - O que \u00e9 correto?\" class=\"read-more\" href=\"https:\/\/www.lingotop.com\/pt\/il-avait-mis-ou-mit\" aria-label=\"Leia mais sobre &quot;Il avait mis ou mit&quot; - O que est\u00e1 correto?\">Ler mais<\/a><\/p>","protected":false},"author":1,"featured_media":0,"comment_status":"closed","ping_status":"closed","sticky":false,"template":"","format":"standard","meta":{"_acf_changed":false,"footnotes":""},"categories":[23],"tags":[],"class_list":["post-5031","post","type-post","status-publish","format-standard","hentry","category-french"],"acf":[],"yoast_head":"<!-- This site is optimized with the Yoast SEO plugin v27.6 - https:\/\/yoast.com\/product\/yoast-seo-wordpress\/ -->\n<title>&quot;Il avait mis ou mit&quot; - What is correct?<\/title>\n<meta name=\"robots\" content=\"index, follow, max-snippet:-1, max-image-preview:large, max-video-preview:-1\" \/>\n<link rel=\"canonical\" href=\"https:\/\/www.lingotop.com\/pt\/il-avait-mis-ou-mit\/\" \/>\n<meta property=\"og:locale\" content=\"pt_PT\" \/>\n<meta property=\"og:type\" content=\"article\" \/>\n<meta property=\"og:title\" content=\"&quot;Il avait mis ou mit&quot; - What is correct?\" \/>\n<meta property=\"og:description\" content=\"&#8220;il avait mis&#8221; and &#8220;il avait mit&#8221;? The difference lies in the correct usage of past participles in French grammar. This article clarifies which option is grammatically correct and why, helping you avoid common mistakes when using compound past tenses. Il avait mis (correct) Il avait mit (incorrect) Understanding Past Participles in Compound Tenses In ... Ler mais\" \/>\n<meta property=\"og:url\" content=\"https:\/\/www.lingotop.com\/pt\/il-avait-mis-ou-mit\/\" \/>\n<meta property=\"og:site_name\" content=\"Lingotop\" \/>\n<meta property=\"article:published_time\" content=\"2024-11-02T13:37:20+00:00\" \/>\n<meta property=\"article:modified_time\" content=\"2024-11-03T11:54:14+00:00\" \/>\n<meta name=\"author\" content=\"Jesper\" \/>\n<meta name=\"twitter:card\" content=\"summary_large_image\" \/>\n<meta name=\"twitter:label1\" content=\"Escrito por\" \/>\n\t<meta name=\"twitter:data1\" content=\"Jesper\" \/>\n\t<meta name=\"twitter:label2\" content=\"Tempo estimado de leitura\" \/>\n\t<meta name=\"twitter:data2\" content=\"2 minutos\" \/>\n<script type=\"application\/ld+json\" class=\"yoast-schema-graph\">{\"@context\":\"https:\\\/\\\/schema.org\",\"@graph\":[{\"@type\":\"Article\",\"@id\":\"https:\\\/\\\/www.lingotop.com\\\/il-avait-mis-ou-mit#article\",\"isPartOf\":{\"@id\":\"https:\\\/\\\/www.lingotop.com\\\/il-avait-mis-ou-mit\"},\"author\":{\"name\":\"Jesper\",\"@id\":\"https:\\\/\\\/www.lingotop.com\\\/en\\\/#\\\/schema\\\/person\\\/dedffff5c4a0c0a1bfc85f35b9e57021\"},\"headline\":\"&#8220;Il avait mis ou mit&#8221; &#8211; What is correct?\",\"datePublished\":\"2024-11-02T13:37:20+00:00\",\"dateModified\":\"2024-11-03T11:54:14+00:00\",\"mainEntityOfPage\":{\"@id\":\"https:\\\/\\\/www.lingotop.com\\\/il-avait-mis-ou-mit\"},\"wordCount\":428,\"publisher\":{\"@id\":\"https:\\\/\\\/www.lingotop.com\\\/en\\\/#organization\"},\"articleSection\":[\"French\"],\"inLanguage\":\"pt-PT\"},{\"@type\":\"WebPage\",\"@id\":\"https:\\\/\\\/www.lingotop.com\\\/il-avait-mis-ou-mit\",\"url\":\"https:\\\/\\\/www.lingotop.com\\\/il-avait-mis-ou-mit\",\"name\":\"\\\"Il avait mis ou mit\\\" - What is correct?\",\"isPartOf\":{\"@id\":\"https:\\\/\\\/www.lingotop.com\\\/en\\\/#website\"},\"datePublished\":\"2024-11-02T13:37:20+00:00\",\"dateModified\":\"2024-11-03T11:54:14+00:00\",\"breadcrumb\":{\"@id\":\"https:\\\/\\\/www.lingotop.com\\\/il-avait-mis-ou-mit#breadcrumb\"},\"inLanguage\":\"pt-PT\",\"potentialAction\":[{\"@type\":\"ReadAction\",\"target\":[\"https:\\\/\\\/www.lingotop.com\\\/il-avait-mis-ou-mit\"]}]},{\"@type\":\"BreadcrumbList\",\"@id\":\"https:\\\/\\\/www.lingotop.com\\\/il-avait-mis-ou-mit#breadcrumb\",\"itemListElement\":[{\"@type\":\"ListItem\",\"position\":1,\"name\":\"Home\",\"item\":\"https:\\\/\\\/www.lingotop.com\\\/\"},{\"@type\":\"ListItem\",\"position\":2,\"name\":\"&#8220;Il avait mis ou mit&#8221; &#8211; What is correct?\"}]},{\"@type\":\"WebSite\",\"@id\":\"https:\\\/\\\/www.lingotop.com\\\/en\\\/#website\",\"url\":\"https:\\\/\\\/www.lingotop.com\\\/en\\\/\",\"name\":\"Lingotop\",\"description\":\"Learn languages online\",\"publisher\":{\"@id\":\"https:\\\/\\\/www.lingotop.com\\\/en\\\/#organization\"},\"potentialAction\":[{\"@type\":\"SearchAction\",\"target\":{\"@type\":\"EntryPoint\",\"urlTemplate\":\"https:\\\/\\\/www.lingotop.com\\\/en\\\/?s={search_term_string}\"},\"query-input\":{\"@type\":\"PropertyValueSpecification\",\"valueRequired\":true,\"valueName\":\"search_term_string\"}}],\"inLanguage\":\"pt-PT\"},{\"@type\":\"Organization\",\"@id\":\"https:\\\/\\\/www.lingotop.com\\\/en\\\/#organization\",\"name\":\"Lingotop\",\"url\":\"https:\\\/\\\/www.lingotop.com\\\/en\\\/\",\"logo\":{\"@type\":\"ImageObject\",\"inLanguage\":\"pt-PT\",\"@id\":\"https:\\\/\\\/www.lingotop.com\\\/en\\\/#\\\/schema\\\/logo\\\/image\\\/\",\"url\":\"https:\\\/\\\/www.lingotop.com\\\/wp-content\\\/uploads\\\/2024\\\/03\\\/lingotop-logo-new.png?wsr\",\"contentUrl\":\"https:\\\/\\\/www.lingotop.com\\\/wp-content\\\/uploads\\\/2024\\\/03\\\/lingotop-logo-new.png?wsr\",\"width\":989,\"height\":222,\"caption\":\"Lingotop\"},\"image\":{\"@id\":\"https:\\\/\\\/www.lingotop.com\\\/en\\\/#\\\/schema\\\/logo\\\/image\\\/\"}},{\"@type\":\"Person\",\"@id\":\"https:\\\/\\\/www.lingotop.com\\\/en\\\/#\\\/schema\\\/person\\\/dedffff5c4a0c0a1bfc85f35b9e57021\",\"name\":\"Jesper\",\"image\":{\"@type\":\"ImageObject\",\"inLanguage\":\"pt-PT\",\"@id\":\"https:\\\/\\\/secure.gravatar.com\\\/avatar\\\/5ff46f83ce962a741bd719be7cb170e6ec9041c021a913406ca1498bec6a5b7e?s=96&d=mm&r=g\",\"url\":\"https:\\\/\\\/secure.gravatar.com\\\/avatar\\\/5ff46f83ce962a741bd719be7cb170e6ec9041c021a913406ca1498bec6a5b7e?s=96&d=mm&r=g\",\"contentUrl\":\"https:\\\/\\\/secure.gravatar.com\\\/avatar\\\/5ff46f83ce962a741bd719be7cb170e6ec9041c021a913406ca1498bec6a5b7e?s=96&d=mm&r=g\",\"caption\":\"Jesper\"}}]}<\/script>\n<!-- \/ Yoast SEO plugin. -->","yoast_head_json":{"title":"\"Il avait mis ou mit\" - O que est\u00e1 correto?","robots":{"index":"index","follow":"follow","max-snippet":"max-snippet:-1","max-image-preview":"max-image-preview:large","max-video-preview":"max-video-preview:-1"},"canonical":"https:\/\/www.lingotop.com\/pt\/il-avait-mis-ou-mit\/","og_locale":"pt_PT","og_type":"article","og_title":"\"Il avait mis ou mit\" - What is correct?","og_description":"&#8220;il avait mis&#8221; and &#8220;il avait mit&#8221;? The difference lies in the correct usage of past participles in French grammar. This article clarifies which option is grammatically correct and why, helping you avoid common mistakes when using compound past tenses. Il avait mis (correct) Il avait mit (incorrect) Understanding Past Participles in Compound Tenses In ... Ler mais","og_url":"https:\/\/www.lingotop.com\/pt\/il-avait-mis-ou-mit\/","og_site_name":"Lingotop","article_published_time":"2024-11-02T13:37:20+00:00","article_modified_time":"2024-11-03T11:54:14+00:00","author":"Jesper","twitter_card":"summary_large_image","twitter_misc":{"Escrito por":"Jesper","Tempo estimado de leitura":"2 minutos"},"schema":{"@context":"https:\/\/schema.org","@graph":[{"@type":"Article","@id":"https:\/\/www.lingotop.com\/il-avait-mis-ou-mit#article","isPartOf":{"@id":"https:\/\/www.lingotop.com\/il-avait-mis-ou-mit"},"author":{"name":"Jesper","@id":"https:\/\/www.lingotop.com\/en\/#\/schema\/person\/dedffff5c4a0c0a1bfc85f35b9e57021"},"headline":"&#8220;Il avait mis ou mit&#8221; &#8211; What is correct?","datePublished":"2024-11-02T13:37:20+00:00","dateModified":"2024-11-03T11:54:14+00:00","mainEntityOfPage":{"@id":"https:\/\/www.lingotop.com\/il-avait-mis-ou-mit"},"wordCount":428,"publisher":{"@id":"https:\/\/www.lingotop.com\/en\/#organization"},"articleSection":["French"],"inLanguage":"pt-PT"},{"@type":"WebPage","@id":"https:\/\/www.lingotop.com\/il-avait-mis-ou-mit","url":"https:\/\/www.lingotop.com\/il-avait-mis-ou-mit","name":"\"Il avait mis ou mit\" - O que est\u00e1 correto?","isPartOf":{"@id":"https:\/\/www.lingotop.com\/en\/#website"},"datePublished":"2024-11-02T13:37:20+00:00","dateModified":"2024-11-03T11:54:14+00:00","breadcrumb":{"@id":"https:\/\/www.lingotop.com\/il-avait-mis-ou-mit#breadcrumb"},"inLanguage":"pt-PT","potentialAction":[{"@type":"ReadAction","target":["https:\/\/www.lingotop.com\/il-avait-mis-ou-mit"]}]},{"@type":"BreadcrumbList","@id":"https:\/\/www.lingotop.com\/il-avait-mis-ou-mit#breadcrumb","itemListElement":[{"@type":"ListItem","position":1,"name":"Home","item":"https:\/\/www.lingotop.com\/"},{"@type":"ListItem","position":2,"name":"&#8220;Il avait mis ou mit&#8221; &#8211; What is correct?"}]},{"@type":"WebSite","@id":"https:\/\/www.lingotop.com\/en\/#website","url":"https:\/\/www.lingotop.com\/en\/","name":"Lingotop","description":"Aprender l\u00ednguas em linha","publisher":{"@id":"https:\/\/www.lingotop.com\/en\/#organization"},"potentialAction":[{"@type":"SearchAction","target":{"@type":"EntryPoint","urlTemplate":"https:\/\/www.lingotop.com\/en\/?s={search_term_string}"},"query-input":{"@type":"PropertyValueSpecification","valueRequired":true,"valueName":"search_term_string"}}],"inLanguage":"pt-PT"},{"@type":"Organization","@id":"https:\/\/www.lingotop.com\/en\/#organization","name":"Lingotop","url":"https:\/\/www.lingotop.com\/en\/","logo":{"@type":"ImageObject","inLanguage":"pt-PT","@id":"https:\/\/www.lingotop.com\/en\/#\/schema\/logo\/image\/","url":"https:\/\/www.lingotop.com\/wp-content\/uploads\/2024\/03\/lingotop-logo-new.png?wsr","contentUrl":"https:\/\/www.lingotop.com\/wp-content\/uploads\/2024\/03\/lingotop-logo-new.png?wsr","width":989,"height":222,"caption":"Lingotop"},"image":{"@id":"https:\/\/www.lingotop.com\/en\/#\/schema\/logo\/image\/"}},{"@type":"Person","@id":"https:\/\/www.lingotop.com\/en\/#\/schema\/person\/dedffff5c4a0c0a1bfc85f35b9e57021","name":"Jesper","image":{"@type":"ImageObject","inLanguage":"pt-PT","@id":"https:\/\/secure.gravatar.com\/avatar\/5ff46f83ce962a741bd719be7cb170e6ec9041c021a913406ca1498bec6a5b7e?s=96&d=mm&r=g","url":"https:\/\/secure.gravatar.com\/avatar\/5ff46f83ce962a741bd719be7cb170e6ec9041c021a913406ca1498bec6a5b7e?s=96&d=mm&r=g","contentUrl":"https:\/\/secure.gravatar.com\/avatar\/5ff46f83ce962a741bd719be7cb170e6ec9041c021a913406ca1498bec6a5b7e?s=96&d=mm&r=g","caption":"Jesper"}}]}},"_links":{"self":[{"href":"https:\/\/www.lingotop.com\/pt\/wp-json\/wp\/v2\/posts\/5031","targetHints":{"allow":["GET"]}}],"collection":[{"href":"https:\/\/www.lingotop.com\/pt\/wp-json\/wp\/v2\/posts"}],"about":[{"href":"https:\/\/www.lingotop.com\/pt\/wp-json\/wp\/v2\/types\/post"}],"author":[{"embeddable":true,"href":"https:\/\/www.lingotop.com\/pt\/wp-json\/wp\/v2\/users\/1"}],"replies":[{"embeddable":true,"href":"https:\/\/www.lingotop.com\/pt\/wp-json\/wp\/v2\/comments?post=5031"}],"version-history":[{"count":9,"href":"https:\/\/www.lingotop.com\/pt\/wp-json\/wp\/v2\/posts\/5031\/revisions"}],"predecessor-version":[{"id":5172,"href":"https:\/\/www.lingotop.com\/pt\/wp-json\/wp\/v2\/posts\/5031\/revisions\/5172"}],"wp:attachment":[{"href":"https:\/\/www.lingotop.com\/pt\/wp-json\/wp\/v2\/media?parent=5031"}],"wp:term":[{"taxonomy":"category","embeddable":true,"href":"https:\/\/www.lingotop.com\/pt\/wp-json\/wp\/v2\/categories?post=5031"},{"taxonomy":"post_tag","embeddable":true,"href":"https:\/\/www.lingotop.com\/pt\/wp-json\/wp\/v2\/tags?post=5031"}],"curies":[{"name":"wp","href":"https:\/\/api.w.org\/{rel}","templated":true}]}}