{"id":1569,"date":"2024-03-31T10:10:25","date_gmt":"2024-03-31T10:10:25","guid":{"rendered":"https:\/\/www.lingotop.com\/?p=1569"},"modified":"2024-03-08T06:13:12","modified_gmt":"2024-03-08T06:13:12","slug":"les-verbes-reflexifs-allemands-et-leur-utilisation-en-contexte","status":"publish","type":"post","link":"https:\/\/www.lingotop.com\/fr\/german-reflexive-verbs-and-their-usage-in-context","title":{"rendered":"Verbes r\u00e9fl\u00e9chis en allemand et leur utilisation en contexte"},"content":{"rendered":"<div id=\"lingo-1608609976\" class=\"lingo-before-content-2 lingo-entity-placement\"><div class=\"not\" data-no-auto-translation=\"\">\r\n\r\n\r\n    <style>\r\n    .pn-ad-wrap {\r\n      width: 100%;\r\n      max-width: 760px;\r\n      margin: 28px auto;\r\n      font-family: Arial, Helvetica, sans-serif;\r\n    }\r\n\r\n    .pn-ad {\r\n      display: flex;\r\n      align-items: center;\r\n      gap: 18px;\r\n      padding: 18px;\r\n      border: 2px solid #16a34a;\r\n      border-radius: 16px;\r\n      background: linear-gradient(135deg, #f0fdf4 0%, #ffffff 55%, #ecfdf5 100%);\r\n      color: #111827;\r\n      text-decoration: none;\r\n      box-shadow: 0 8px 24px rgba(0,0,0,0.08);\r\n      transition: all .18s ease;\r\n    }\r\n\r\n    .pn-ad:hover {\r\n      transform: translateY(-2px);\r\n      box-shadow: 0 12px 32px rgba(0,0,0,0.14);\r\n      border-color: #15803d;\r\n    }\r\n\r\n    .pn-ad-content {\r\n      flex: 1 1 58%;\r\n      text-align: left;\r\n    }\r\n\r\n    .pn-badge {\r\n      display: inline-block;\r\n      margin-bottom: 8px;\r\n      padding: 5px 10px;\r\n      border-radius: 999px;\r\n      background: #dcfce7;\r\n      color: #166534;\r\n      font-size: 13px;\r\n      font-weight: 700;\r\n    }\r\n\r\n    .pn-ad h3 {\r\n      margin: 0 0 10px;\r\n      font-size: clamp(22px, 3vw, 30px);\r\n      line-height: 1.1;\r\n      font-weight: 800;\r\n      color: #052e16;\r\n    }\r\n\r\n    .pn-ad p {\r\n      margin: 0 0 14px;\r\n      font-size: 16px;\r\n      line-height: 1.5;\r\n      color: #374151;\r\n    }\r\n\r\n    .pn-benefits {\r\n      display: grid;\r\n      gap: 6px;\r\n      margin-bottom: 16px;\r\n      font-size: 14px;\r\n      color: #166534;\r\n      font-weight: 600;\r\n    }\r\n\r\n    .pn-cta {\r\n      display: inline-block;\r\n      padding: 13px 20px;\r\n      border-radius: 10px;\r\n      background: #16a34a;\r\n      color: #ffffff;\r\n      font-weight: 800;\r\n      font-size: 16px;\r\n      box-shadow: inset 0 -3px 0 rgba(0,0,0,0.18);\r\n    }\r\n\r\n    .pn-image {\r\n      flex: 1 1 42%;\r\n    }\r\n\r\n    .pn-image img {\r\n      display: block;\r\n      width: 100%;\r\n      height: auto;\r\n      border-radius: 12px;\r\n    }\r\n\r\n    @media (max-width: 620px) {\r\n\r\n      .pn-ad {\r\n        flex-direction: column;\r\n        text-align: center;\r\n        padding: 16px;\r\n      }\r\n\r\n      .pn-ad-content {\r\n        text-align: center;\r\n      }\r\n\r\n      .pn-image {\r\n        order: -1;\r\n        width: 100%;\r\n      }\r\n\r\n      .pn-benefits {\r\n        text-align: left;\r\n        max-width: 320px;\r\n        margin-left: auto;\r\n        margin-right: auto;\r\n      }\r\n\r\n      .pn-cta {\r\n        width: 100%;\r\n        box-sizing: border-box;\r\n      }\r\n    }\r\n    <\/style>\r\n\r\n    <div class=\"pn-ad-wrap\">\r\n\r\n      <a class=\"pn-ad\"\r\n         href=\"https:\/\/produitsnumeriques.co\/\"\r\n         target=\"_blank\"\r\n         rel=\"nofollow noopener sponsored\">\r\n\r\n        <div class=\"pn-ad-content\">\r\n\r\n          <div class=\"pn-badge\">\r\n            \ud83c\uddeb\ud83c\uddf7 Templates Canva en fran\u00e7ais\r\n          <\/div>\r\n\r\n          <h3>\r\n            Lancez votre business plus vite\r\n          <\/h3>\r\n\r\n          <p>\r\n            Cr\u00e9ez des posts, stories et visuels professionnels en quelques minutes \u2014 sans designer.\r\n          <\/p>\r\n\r\n          <div class=\"pn-benefits\">\r\n            <span>\u2713 Pr\u00eats \u00e0 modifier<\/span>\r\n            <span>\u2713 Pour Instagram, Facebook & plus<\/span>\r\n            <span>\u2713 Id\u00e9al pour entrepreneurs & coachs<\/span>\r\n          <\/div>\r\n\r\n          <div class=\"pn-cta\">\r\n            D\u00e9couvrir les templates\r\n          <\/div>\r\n\r\n        <\/div>\r\n\r\n        <div class=\"pn-image\">\r\n\r\n          <img\r\n            src=\"https:\/\/www.lingotop.com\/wp-content\/uploads\/2026\/05\/sadsd.webp\"\r\n            alt=\"Templates Canva en fran\u00e7ais\">\r\n\r\n        <\/div>\r\n\r\n      <\/a>\r\n\r\n    <\/div>\r\n\r\n    \t<\/div><\/div><p>Les verbes r\u00e9fl\u00e9chis jouent un r\u00f4le crucial dans la langue allemande, car ils indiquent les actions que le sujet effectue sur lui-m\u00eame. Comprendre comment utiliser correctement les verbes r\u00e9fl\u00e9chis peut grandement am\u00e9liorer votre capacit\u00e9 \u00e0 communiquer efficacement en allemand. Dans cet article, nous examinerons l'utilisation des verbes r\u00e9fl\u00e9chis allemands dans diff\u00e9rents contextes, ainsi que des exemples illustrant leur utilisation.<\/p>\n<p>&nbsp;<\/p>\n<h2>Qu'est-ce qu'un verbe r\u00e9fl\u00e9chi ?<\/h2>\n<p>Les verbes r\u00e9flexifs en allemand sont des verbes accompagn\u00e9s d'un pronom r\u00e9fl\u00e9chi, se terminant g\u00e9n\u00e9ralement par <span class=\"not\" data-no-auto-translation=\"\">&#8220;-self&#8221;<\/span> ou <span class=\"not\" data-no-auto-translation=\"\">&#8220;-selves&#8221;<\/span> en anglais. Ces pronoms indiquent que l'action du verbe se r\u00e9percute sur le sujet. Par exemple, <span class=\"not\" data-no-auto-translation=\"\">&#8220;sich waschen&#8221;<\/span> signifie \"se laver\", o\u00f9 <span class=\"not\" data-no-auto-translation=\"\">&#8220;sich&#8221;<\/span> est le pronom r\u00e9fl\u00e9chi.<\/p>\n<p>&nbsp;<\/p>\n<h2>Les verbes r\u00e9flexifs dans les activit\u00e9s quotidiennes<\/h2>\n<p>Les verbes r\u00e9flexifs sont couramment utilis\u00e9s pour d\u00e9crire les activit\u00e9s quotidiennes que les individus effectuent sur eux-m\u00eames. En voici quelques exemples :<\/p>\n<ol>\n<li>\n<p><strong><span class=\"not\" data-no-auto-translation=\"\">sich anziehen<\/span><\/strong> - s'habiller<br \/>\n<em>Exemple : <span class=\"not\" data-no-auto-translation=\"\">Ich ziehe mich morgens schnell an.<\/span><\/em> (Je m'habille rapidement le matin.)<\/p>\n<\/li>\n<li>\n<p><strong><span class=\"not\" data-no-auto-translation=\"\">sich waschen<\/span><\/strong> - se laver<br \/>\n<em>Exemple : <span class=\"not\" data-no-auto-translation=\"\">Er w\u00e4scht sich gr\u00fcndlich die H\u00e4nde.<\/span><\/em> (Il se lave soigneusement les mains.)<\/p>\n<\/li>\n<li>\n<p><strong><span class=\"not\" data-no-auto-translation=\"\">sich die Haare k\u00e4mmen<\/span><\/strong> - se peigner<br \/>\n<em>Exemple : <span class=\"not\" data-no-auto-translation=\"\">Sie k\u00e4mmt sich die Haare vor dem Spiegel.<\/span><\/em> (Elle se peigne devant le miroir.)<\/p>\n<\/li>\n<\/ol>\n<p>&nbsp;<\/p>\n<h2>Verbes r\u00e9flexifs dans les \u00e9motions et les \u00e9tats<\/h2>\n<p>Les verbes r\u00e9fl\u00e9chis sont \u00e9galement utilis\u00e9s pour exprimer des \u00e9motions ou des \u00e9tats qui nous affectent. En voici quelques exemples :<\/p>\n<ol>\n<li>\n<p><strong><span class=\"not\" data-no-auto-translation=\"\">sich freuen<\/span><\/strong> - \u00eatre heureux<br \/>\n<em>Exemple : <span class=\"not\" data-no-auto-translation=\"\">Wir freuen uns auf das Wochenende.<\/span><\/em> (Nous attendons le week-end avec impatience.)<\/p>\n<\/li>\n<li>\n<p><strong><span class=\"not\" data-no-auto-translation=\"\">sich \u00e4rgern<\/span><\/strong> - \u00eatre ennuy\u00e9<br \/>\n<em>Exemple : <span class=\"not\" data-no-auto-translation=\"\">Warum \u00e4rgerst du dich \u00fcber kleine Dinge?<\/span><\/em> (Pourquoi vous \u00e9nervez-vous pour de petites choses ?)<\/p>\n<\/li>\n<li>\n<p><strong><span class=\"not\" data-no-auto-translation=\"\">sich entspannen<\/span><\/strong> - se d\u00e9tendre<br \/>\n<em>Exemple : <span class=\"not\" data-no-auto-translation=\"\">Nach der Arbeit entspannt er sich gerne vor dem Fernseher.<\/span><\/em> (Apr\u00e8s le travail, il aime se d\u00e9tendre devant la t\u00e9l\u00e9vision).<\/p>\n<\/li>\n<\/ol>\n<p>&nbsp;<\/p>\n<h2>Verbes r\u00e9fl\u00e9chis dans les actions r\u00e9ciproques<\/h2>\n<p>Les verbes r\u00e9flexifs peuvent \u00e9galement indiquer des actions r\u00e9ciproques entre deux ou plusieurs personnes. Voici quelques exemples :<\/p>\n<ol>\n<li>\n<p><strong><span class=\"not\" data-no-auto-translation=\"\">sich treffen<\/span><\/strong> - se rencontrer<br \/>\n<em>Exemple : <span class=\"not\" data-no-auto-translation=\"\">Wir treffen uns morgen im Caf\u00e9.<\/span><\/em> (Nous nous retrouverons demain au caf\u00e9).<\/p>\n<\/li>\n<li>\n<p><strong><span class=\"not\" data-no-auto-translation=\"\">sich umarmen<\/span><\/strong> - de se serrer dans les bras l'un de l'autre<br \/>\n<em>Exemple : <span class=\"not\" data-no-auto-translation=\"\">Die Freunde umarmen sich zur Begr\u00fc\u00dfung.<\/span><\/em> (Les amis se donnent l'accolade en guise de salut).<\/p>\n<\/li>\n<\/ol>\n<div id=\"lingo-3656855735\" class=\"lingo-after-content-2 lingo-entity-placement\"><div class=\"not\" data-no-auto-translation=\"\">\r\n<div style=\"text-align: center; margin-bottom: 30px; padding: 15px 10px 20px 10px; border: solid #efefef;\">\r\n<div style=\"font-weight: bold; font-size: 120%; padding-bottom: 10px;\">Vous voulez apprendre une langue plus rapidement ?<\/div>\r\n<p>La bonne application peut faire toute la diff\u00e9rence.<\/p>\r\n<p>Faites ce quiz gratuit de 30 secondes et trouvez l\u2019application qui vous aide \u00e0 apprendre plus vite.<\/p>\r\n<a class=\"a4\" href=\"https:\/\/www.lingotop.com\/fr\/test-linguistique\" rel=\"nofollow noopener\" target=\"_blank\">Commencer le quiz<\/a><br \/>\r\n<\/div><\/div><\/div>","protected":false},"excerpt":{"rendered":"<p>Les verbes r\u00e9fl\u00e9chis jouent un r\u00f4le crucial dans la langue allemande, car ils indiquent les actions que le sujet effectue sur lui-m\u00eame. Comprendre comment utiliser correctement les verbes r\u00e9fl\u00e9chis peut grandement am\u00e9liorer votre capacit\u00e9 \u00e0 communiquer efficacement en allemand. Dans cet article, nous examinerons l'utilisation des verbes r\u00e9flexifs allemands dans diff\u00e9rents contextes, ainsi que des exemples pour illustrer ... <a title=\"Verbes r\u00e9fl\u00e9chis en allemand et leur utilisation en contexte\" class=\"read-more\" href=\"https:\/\/www.lingotop.com\/fr\/german-reflexive-verbs-and-their-usage-in-context\" aria-label=\"En savoir plus sur Les verbes r\u00e9fl\u00e9chis allemands et leur utilisation en contexte\">Lire la suite<\/a><\/p>","protected":false},"author":1,"featured_media":0,"comment_status":"closed","ping_status":"closed","sticky":false,"template":"","format":"standard","meta":{"_acf_changed":false,"footnotes":""},"categories":[30],"tags":[],"class_list":["post-1569","post","type-post","status-publish","format-standard","hentry","category-german"],"acf":[],"yoast_head":"<!-- This site is optimized with the Yoast SEO plugin v27.6 - https:\/\/yoast.com\/product\/yoast-seo-wordpress\/ -->\n<title>German Reflexive Verbs and Their Usage in Context<\/title>\n<meta name=\"robots\" content=\"index, follow, max-snippet:-1, max-image-preview:large, max-video-preview:-1\" \/>\n<link rel=\"canonical\" href=\"https:\/\/www.lingotop.com\/fr\/les-verbes-reflexifs-allemands-et-leur-utilisation-en-contexte\/\" \/>\n<meta property=\"og:locale\" content=\"fr_FR\" \/>\n<meta property=\"og:type\" content=\"article\" \/>\n<meta property=\"og:title\" content=\"German Reflexive Verbs and Their Usage in Context\" \/>\n<meta property=\"og:description\" content=\"Reflexive verbs play a crucial role in the German language, indicating actions that the subject performs on itself. Understanding how to use reflexive verbs correctly can greatly enhance your ability to communicate effectively in German. In this article, we&#039;ll look into the usage of German reflexive verbs in various contexts, along with examples to illustrate ... Lire la suite\" \/>\n<meta property=\"og:url\" content=\"https:\/\/www.lingotop.com\/fr\/les-verbes-reflexifs-allemands-et-leur-utilisation-en-contexte\/\" \/>\n<meta property=\"og:site_name\" content=\"Lingotop\" \/>\n<meta property=\"article:published_time\" content=\"2024-03-31T10:10:25+00:00\" \/>\n<meta name=\"author\" content=\"Jesper\" \/>\n<meta name=\"twitter:card\" content=\"summary_large_image\" \/>\n<meta name=\"twitter:label1\" content=\"\u00c9crit par\" \/>\n\t<meta name=\"twitter:data1\" content=\"Jesper\" \/>\n\t<meta name=\"twitter:label2\" content=\"Dur\u00e9e de lecture estim\u00e9e\" \/>\n\t<meta name=\"twitter:data2\" content=\"2 minutes\" \/>\n<script type=\"application\/ld+json\" class=\"yoast-schema-graph\">{\"@context\":\"https:\\\/\\\/schema.org\",\"@graph\":[{\"@type\":\"Article\",\"@id\":\"https:\\\/\\\/www.lingotop.com\\\/german-reflexive-verbs-and-their-usage-in-context#article\",\"isPartOf\":{\"@id\":\"https:\\\/\\\/www.lingotop.com\\\/german-reflexive-verbs-and-their-usage-in-context\"},\"author\":{\"name\":\"Jesper\",\"@id\":\"https:\\\/\\\/www.lingotop.com\\\/en\\\/#\\\/schema\\\/person\\\/dedffff5c4a0c0a1bfc85f35b9e57021\"},\"headline\":\"German Reflexive Verbs and Their Usage in Context\",\"datePublished\":\"2024-03-31T10:10:25+00:00\",\"mainEntityOfPage\":{\"@id\":\"https:\\\/\\\/www.lingotop.com\\\/german-reflexive-verbs-and-their-usage-in-context\"},\"wordCount\":375,\"publisher\":{\"@id\":\"https:\\\/\\\/www.lingotop.com\\\/en\\\/#organization\"},\"articleSection\":[\"German\"],\"inLanguage\":\"fr-FR\"},{\"@type\":\"WebPage\",\"@id\":\"https:\\\/\\\/www.lingotop.com\\\/german-reflexive-verbs-and-their-usage-in-context\",\"url\":\"https:\\\/\\\/www.lingotop.com\\\/german-reflexive-verbs-and-their-usage-in-context\",\"name\":\"German Reflexive Verbs and Their Usage in Context\",\"isPartOf\":{\"@id\":\"https:\\\/\\\/www.lingotop.com\\\/en\\\/#website\"},\"datePublished\":\"2024-03-31T10:10:25+00:00\",\"breadcrumb\":{\"@id\":\"https:\\\/\\\/www.lingotop.com\\\/german-reflexive-verbs-and-their-usage-in-context#breadcrumb\"},\"inLanguage\":\"fr-FR\",\"potentialAction\":[{\"@type\":\"ReadAction\",\"target\":[\"https:\\\/\\\/www.lingotop.com\\\/german-reflexive-verbs-and-their-usage-in-context\"]}]},{\"@type\":\"BreadcrumbList\",\"@id\":\"https:\\\/\\\/www.lingotop.com\\\/german-reflexive-verbs-and-their-usage-in-context#breadcrumb\",\"itemListElement\":[{\"@type\":\"ListItem\",\"position\":1,\"name\":\"Home\",\"item\":\"https:\\\/\\\/www.lingotop.com\\\/\"},{\"@type\":\"ListItem\",\"position\":2,\"name\":\"German Reflexive Verbs and Their Usage in Context\"}]},{\"@type\":\"WebSite\",\"@id\":\"https:\\\/\\\/www.lingotop.com\\\/en\\\/#website\",\"url\":\"https:\\\/\\\/www.lingotop.com\\\/en\\\/\",\"name\":\"Lingotop\",\"description\":\"Learn languages online\",\"publisher\":{\"@id\":\"https:\\\/\\\/www.lingotop.com\\\/en\\\/#organization\"},\"potentialAction\":[{\"@type\":\"SearchAction\",\"target\":{\"@type\":\"EntryPoint\",\"urlTemplate\":\"https:\\\/\\\/www.lingotop.com\\\/en\\\/?s={search_term_string}\"},\"query-input\":{\"@type\":\"PropertyValueSpecification\",\"valueRequired\":true,\"valueName\":\"search_term_string\"}}],\"inLanguage\":\"fr-FR\"},{\"@type\":\"Organization\",\"@id\":\"https:\\\/\\\/www.lingotop.com\\\/en\\\/#organization\",\"name\":\"Lingotop\",\"url\":\"https:\\\/\\\/www.lingotop.com\\\/en\\\/\",\"logo\":{\"@type\":\"ImageObject\",\"inLanguage\":\"fr-FR\",\"@id\":\"https:\\\/\\\/www.lingotop.com\\\/en\\\/#\\\/schema\\\/logo\\\/image\\\/\",\"url\":\"https:\\\/\\\/www.lingotop.com\\\/wp-content\\\/uploads\\\/2024\\\/03\\\/lingotop-logo-new.png?wsr\",\"contentUrl\":\"https:\\\/\\\/www.lingotop.com\\\/wp-content\\\/uploads\\\/2024\\\/03\\\/lingotop-logo-new.png?wsr\",\"width\":989,\"height\":222,\"caption\":\"Lingotop\"},\"image\":{\"@id\":\"https:\\\/\\\/www.lingotop.com\\\/en\\\/#\\\/schema\\\/logo\\\/image\\\/\"}},{\"@type\":\"Person\",\"@id\":\"https:\\\/\\\/www.lingotop.com\\\/en\\\/#\\\/schema\\\/person\\\/dedffff5c4a0c0a1bfc85f35b9e57021\",\"name\":\"Jesper\",\"image\":{\"@type\":\"ImageObject\",\"inLanguage\":\"fr-FR\",\"@id\":\"https:\\\/\\\/secure.gravatar.com\\\/avatar\\\/5ff46f83ce962a741bd719be7cb170e6ec9041c021a913406ca1498bec6a5b7e?s=96&d=mm&r=g\",\"url\":\"https:\\\/\\\/secure.gravatar.com\\\/avatar\\\/5ff46f83ce962a741bd719be7cb170e6ec9041c021a913406ca1498bec6a5b7e?s=96&d=mm&r=g\",\"contentUrl\":\"https:\\\/\\\/secure.gravatar.com\\\/avatar\\\/5ff46f83ce962a741bd719be7cb170e6ec9041c021a913406ca1498bec6a5b7e?s=96&d=mm&r=g\",\"caption\":\"Jesper\"}}]}<\/script>\n<!-- \/ Yoast SEO plugin. -->","yoast_head_json":{"title":"Verbes r\u00e9fl\u00e9chis en allemand et leur utilisation en contexte","robots":{"index":"index","follow":"follow","max-snippet":"max-snippet:-1","max-image-preview":"max-image-preview:large","max-video-preview":"max-video-preview:-1"},"canonical":"https:\/\/www.lingotop.com\/fr\/les-verbes-reflexifs-allemands-et-leur-utilisation-en-contexte\/","og_locale":"fr_FR","og_type":"article","og_title":"German Reflexive Verbs and Their Usage in Context","og_description":"Reflexive verbs play a crucial role in the German language, indicating actions that the subject performs on itself. Understanding how to use reflexive verbs correctly can greatly enhance your ability to communicate effectively in German. In this article, we'll look into the usage of German reflexive verbs in various contexts, along with examples to illustrate ... Lire la suite","og_url":"https:\/\/www.lingotop.com\/fr\/les-verbes-reflexifs-allemands-et-leur-utilisation-en-contexte\/","og_site_name":"Lingotop","article_published_time":"2024-03-31T10:10:25+00:00","author":"Jesper","twitter_card":"summary_large_image","twitter_misc":{"\u00c9crit par":"Jesper","Dur\u00e9e de lecture estim\u00e9e":"2 minutes"},"schema":{"@context":"https:\/\/schema.org","@graph":[{"@type":"Article","@id":"https:\/\/www.lingotop.com\/german-reflexive-verbs-and-their-usage-in-context#article","isPartOf":{"@id":"https:\/\/www.lingotop.com\/german-reflexive-verbs-and-their-usage-in-context"},"author":{"name":"Jesper","@id":"https:\/\/www.lingotop.com\/en\/#\/schema\/person\/dedffff5c4a0c0a1bfc85f35b9e57021"},"headline":"German Reflexive Verbs and Their Usage in Context","datePublished":"2024-03-31T10:10:25+00:00","mainEntityOfPage":{"@id":"https:\/\/www.lingotop.com\/german-reflexive-verbs-and-their-usage-in-context"},"wordCount":375,"publisher":{"@id":"https:\/\/www.lingotop.com\/en\/#organization"},"articleSection":["German"],"inLanguage":"fr-FR"},{"@type":"WebPage","@id":"https:\/\/www.lingotop.com\/german-reflexive-verbs-and-their-usage-in-context","url":"https:\/\/www.lingotop.com\/german-reflexive-verbs-and-their-usage-in-context","name":"Verbes r\u00e9fl\u00e9chis en allemand et leur utilisation en contexte","isPartOf":{"@id":"https:\/\/www.lingotop.com\/en\/#website"},"datePublished":"2024-03-31T10:10:25+00:00","breadcrumb":{"@id":"https:\/\/www.lingotop.com\/german-reflexive-verbs-and-their-usage-in-context#breadcrumb"},"inLanguage":"fr-FR","potentialAction":[{"@type":"ReadAction","target":["https:\/\/www.lingotop.com\/german-reflexive-verbs-and-their-usage-in-context"]}]},{"@type":"BreadcrumbList","@id":"https:\/\/www.lingotop.com\/german-reflexive-verbs-and-their-usage-in-context#breadcrumb","itemListElement":[{"@type":"ListItem","position":1,"name":"Home","item":"https:\/\/www.lingotop.com\/"},{"@type":"ListItem","position":2,"name":"German Reflexive Verbs and Their Usage in Context"}]},{"@type":"WebSite","@id":"https:\/\/www.lingotop.com\/en\/#website","url":"https:\/\/www.lingotop.com\/en\/","name":"Lingotop","description":"Apprendre des langues en ligne","publisher":{"@id":"https:\/\/www.lingotop.com\/en\/#organization"},"potentialAction":[{"@type":"SearchAction","target":{"@type":"EntryPoint","urlTemplate":"https:\/\/www.lingotop.com\/en\/?s={search_term_string}"},"query-input":{"@type":"PropertyValueSpecification","valueRequired":true,"valueName":"search_term_string"}}],"inLanguage":"fr-FR"},{"@type":"Organization","@id":"https:\/\/www.lingotop.com\/en\/#organization","name":"Lingotop","url":"https:\/\/www.lingotop.com\/en\/","logo":{"@type":"ImageObject","inLanguage":"fr-FR","@id":"https:\/\/www.lingotop.com\/en\/#\/schema\/logo\/image\/","url":"https:\/\/www.lingotop.com\/wp-content\/uploads\/2024\/03\/lingotop-logo-new.png?wsr","contentUrl":"https:\/\/www.lingotop.com\/wp-content\/uploads\/2024\/03\/lingotop-logo-new.png?wsr","width":989,"height":222,"caption":"Lingotop"},"image":{"@id":"https:\/\/www.lingotop.com\/en\/#\/schema\/logo\/image\/"}},{"@type":"Person","@id":"https:\/\/www.lingotop.com\/en\/#\/schema\/person\/dedffff5c4a0c0a1bfc85f35b9e57021","name":"Jesper","image":{"@type":"ImageObject","inLanguage":"fr-FR","@id":"https:\/\/secure.gravatar.com\/avatar\/5ff46f83ce962a741bd719be7cb170e6ec9041c021a913406ca1498bec6a5b7e?s=96&d=mm&r=g","url":"https:\/\/secure.gravatar.com\/avatar\/5ff46f83ce962a741bd719be7cb170e6ec9041c021a913406ca1498bec6a5b7e?s=96&d=mm&r=g","contentUrl":"https:\/\/secure.gravatar.com\/avatar\/5ff46f83ce962a741bd719be7cb170e6ec9041c021a913406ca1498bec6a5b7e?s=96&d=mm&r=g","caption":"Jesper"}}]}},"_links":{"self":[{"href":"https:\/\/www.lingotop.com\/fr\/wp-json\/wp\/v2\/posts\/1569","targetHints":{"allow":["GET"]}}],"collection":[{"href":"https:\/\/www.lingotop.com\/fr\/wp-json\/wp\/v2\/posts"}],"about":[{"href":"https:\/\/www.lingotop.com\/fr\/wp-json\/wp\/v2\/types\/post"}],"author":[{"embeddable":true,"href":"https:\/\/www.lingotop.com\/fr\/wp-json\/wp\/v2\/users\/1"}],"replies":[{"embeddable":true,"href":"https:\/\/www.lingotop.com\/fr\/wp-json\/wp\/v2\/comments?post=1569"}],"version-history":[{"count":4,"href":"https:\/\/www.lingotop.com\/fr\/wp-json\/wp\/v2\/posts\/1569\/revisions"}],"predecessor-version":[{"id":1766,"href":"https:\/\/www.lingotop.com\/fr\/wp-json\/wp\/v2\/posts\/1569\/revisions\/1766"}],"wp:attachment":[{"href":"https:\/\/www.lingotop.com\/fr\/wp-json\/wp\/v2\/media?parent=1569"}],"wp:term":[{"taxonomy":"category","embeddable":true,"href":"https:\/\/www.lingotop.com\/fr\/wp-json\/wp\/v2\/categories?post=1569"},{"taxonomy":"post_tag","embeddable":true,"href":"https:\/\/www.lingotop.com\/fr\/wp-json\/wp\/v2\/tags?post=1569"}],"curies":[{"name":"wp","href":"https:\/\/api.w.org\/{rel}","templated":true}]}}