{"id":1324,"date":"2024-03-09T09:18:54","date_gmt":"2024-03-09T09:18:54","guid":{"rendered":"https:\/\/www.lingotop.com\/?p=1324"},"modified":"2024-04-17T13:02:57","modified_gmt":"2024-04-17T13:02:57","slug":"sagen-conjugaison-allemand","status":"publish","type":"post","link":"https:\/\/www.lingotop.com\/fr\/sagen-conjugation-german","title":{"rendered":"\"Sagen\" - Conjugaison du verbe allemand"},"content":{"rendered":"<div id=\"lingo-2061296336\" class=\"lingo-before-content-2 lingo-entity-placement\"><div class=\"not\" data-no-auto-translation=\"\">\r\n\r\n\r\n    <style>\r\n    .pn-ad-wrap {\r\n      width: 100%;\r\n      max-width: 760px;\r\n      margin: 28px auto;\r\n      font-family: Arial, Helvetica, sans-serif;\r\n    }\r\n\r\n    .pn-ad {\r\n      display: flex;\r\n      align-items: center;\r\n      gap: 18px;\r\n      padding: 18px;\r\n      border: 2px solid #16a34a;\r\n      border-radius: 16px;\r\n      background: linear-gradient(135deg, #f0fdf4 0%, #ffffff 55%, #ecfdf5 100%);\r\n      color: #111827;\r\n      text-decoration: none;\r\n      box-shadow: 0 8px 24px rgba(0,0,0,0.08);\r\n      transition: all .18s ease;\r\n    }\r\n\r\n    .pn-ad:hover {\r\n      transform: translateY(-2px);\r\n      box-shadow: 0 12px 32px rgba(0,0,0,0.14);\r\n      border-color: #15803d;\r\n    }\r\n\r\n    .pn-ad-content {\r\n      flex: 1 1 58%;\r\n      text-align: left;\r\n    }\r\n\r\n    .pn-badge {\r\n      display: inline-block;\r\n      margin-bottom: 8px;\r\n      padding: 5px 10px;\r\n      border-radius: 999px;\r\n      background: #dcfce7;\r\n      color: #166534;\r\n      font-size: 13px;\r\n      font-weight: 700;\r\n    }\r\n\r\n    .pn-ad h3 {\r\n      margin: 0 0 10px;\r\n      font-size: clamp(22px, 3vw, 30px);\r\n      line-height: 1.1;\r\n      font-weight: 800;\r\n      color: #052e16;\r\n    }\r\n\r\n    .pn-ad p {\r\n      margin: 0 0 14px;\r\n      font-size: 16px;\r\n      line-height: 1.5;\r\n      color: #374151;\r\n    }\r\n\r\n    .pn-benefits {\r\n      display: grid;\r\n      gap: 6px;\r\n      margin-bottom: 16px;\r\n      font-size: 14px;\r\n      color: #166534;\r\n      font-weight: 600;\r\n    }\r\n\r\n    .pn-cta {\r\n      display: inline-block;\r\n      padding: 13px 20px;\r\n      border-radius: 10px;\r\n      background: #16a34a;\r\n      color: #ffffff;\r\n      font-weight: 800;\r\n      font-size: 16px;\r\n      box-shadow: inset 0 -3px 0 rgba(0,0,0,0.18);\r\n    }\r\n\r\n    .pn-image {\r\n      flex: 1 1 42%;\r\n    }\r\n\r\n    .pn-image img {\r\n      display: block;\r\n      width: 100%;\r\n      height: auto;\r\n      border-radius: 12px;\r\n    }\r\n\r\n    @media (max-width: 620px) {\r\n\r\n      .pn-ad {\r\n        flex-direction: column;\r\n        text-align: center;\r\n        padding: 16px;\r\n      }\r\n\r\n      .pn-ad-content {\r\n        text-align: center;\r\n      }\r\n\r\n      .pn-image {\r\n        order: -1;\r\n        width: 100%;\r\n      }\r\n\r\n      .pn-benefits {\r\n        text-align: left;\r\n        max-width: 320px;\r\n        margin-left: auto;\r\n        margin-right: auto;\r\n      }\r\n\r\n      .pn-cta {\r\n        width: 100%;\r\n        box-sizing: border-box;\r\n      }\r\n    }\r\n    <\/style>\r\n\r\n    <div class=\"pn-ad-wrap\">\r\n\r\n      <a class=\"pn-ad\"\r\n         href=\"https:\/\/produitsnumeriques.co\/\"\r\n         target=\"_blank\"\r\n         rel=\"nofollow noopener sponsored\">\r\n\r\n        <div class=\"pn-ad-content\">\r\n\r\n          <div class=\"pn-badge\">\r\n            \ud83c\uddeb\ud83c\uddf7 Templates Canva en fran\u00e7ais\r\n          <\/div>\r\n\r\n          <h3>\r\n            Lancez votre business plus vite\r\n          <\/h3>\r\n\r\n          <p>\r\n            Cr\u00e9ez des posts, stories et visuels professionnels en quelques minutes \u2014 sans designer.\r\n          <\/p>\r\n\r\n          <div class=\"pn-benefits\">\r\n            <span>\u2713 Pr\u00eats \u00e0 modifier<\/span>\r\n            <span>\u2713 Pour Instagram, Facebook & plus<\/span>\r\n            <span>\u2713 Id\u00e9al pour entrepreneurs & coachs<\/span>\r\n          <\/div>\r\n\r\n          <div class=\"pn-cta\">\r\n            D\u00e9couvrir les templates\r\n          <\/div>\r\n\r\n        <\/div>\r\n\r\n        <div class=\"pn-image\">\r\n\r\n          <img\r\n            src=\"https:\/\/www.lingotop.com\/wp-content\/uploads\/2026\/05\/sadsd.webp\"\r\n            alt=\"Templates Canva en fran\u00e7ais\">\r\n\r\n        <\/div>\r\n\r\n      <\/a>\r\n\r\n    <\/div>\r\n\r\n    \t<\/div><\/div><p>Le verbe allemand <span class=\"not\" data-no-auto-translation=\"\">&#8220;sagen&#8221;<\/span> est un \u00e9l\u00e9ment essentiel de la communication quotidienne. Dans cet article, nous examinerons sa conjugaison aux diff\u00e9rents temps grammaticaux.<\/p>\n<p>&nbsp;<\/p>\n<h2>Temps pr\u00e9sent<\/h2>\n<p>Au pr\u00e9sent, <span class=\"not\" data-no-auto-translation=\"\">&#8220;sagen&#8221;<\/span> comme suit :<\/p>\n<p>\u2013 <span class=\"not\" data-no-auto-translation=\"\">Ich sage<\/span> (je dis)<br \/>\n\u2013 <span class=\"not\" data-no-auto-translation=\"\">Du sagst<\/span> (Vous dites)<br \/>\n\u2013 <span class=\"not\" data-no-auto-translation=\"\">Er\/sie\/es sagt<\/span> (Il\/elle dit)<br \/>\n\u2013 <span class=\"not\" data-no-auto-translation=\"\">Wir sagen<\/span> (Nous disons)<br \/>\n\u2013 <span class=\"not\" data-no-auto-translation=\"\">Ihr sagt<\/span> (Vous dites)<br \/>\n\u2013 <span class=\"not\" data-no-auto-translation=\"\">Sie sagen<\/span> (Ils disent)<\/p>\n<p>&nbsp;<\/p>\n<h2>Le pass\u00e9 (Imperfekt)<\/h2>\n<p>Le pass\u00e9, \u00e9galement connu sous le nom de <span class=\"not\" data-no-auto-translation=\"\">&#8220;Imperfekt&#8221;<\/span>prend les formes suivantes :<\/p>\n<p>\u2013 <span class=\"not\" data-no-auto-translation=\"\">Ich sagte<\/span> (J'ai dit)<br \/>\n\u2013 <span class=\"not\" data-no-auto-translation=\"\">Du sagtest<\/span> (Vous avez dit)<br \/>\n\u2013 <span class=\"not\" data-no-auto-translation=\"\">Er\/sie\/es sagte<\/span> (Il\/elle a dit)<br \/>\n\u2013 <span class=\"not\" data-no-auto-translation=\"\">Wir sagten<\/span> (Nous avons dit)<br \/>\n\u2013 <span class=\"not\" data-no-auto-translation=\"\">Ihr sagtet<\/span> (Vous avez dit)<br \/>\n\u2013 <span class=\"not\" data-no-auto-translation=\"\">Sie sagten<\/span> (Ils ont dit)<\/p>\n<p>&nbsp;<\/p>\n<h2>Futur (Futur I)<\/h2>\n<p>Au futur, <span class=\"not\" data-no-auto-translation=\"\">&#8220;sagen&#8221;<\/span> est conjugu\u00e9 \u00e0 l'aide d'un verbe auxiliaire et de l'infinitif de <span class=\"not\" data-no-auto-translation=\"\">&#8220;sagen&#8221;<\/span>:<\/p>\n<p>\u2013 <span class=\"not\" data-no-auto-translation=\"\">Ich werde sagen<\/span> (je dirai)<br \/>\n\u2013 <span class=\"not\" data-no-auto-translation=\"\">Du wirst sagen<\/span> (Vous direz)<br \/>\n\u2013 <span class=\"not\" data-no-auto-translation=\"\">Er\/sie\/es wird sagen<\/span> (Il\/elle dira)<br \/>\n\u2013 <span class=\"not\" data-no-auto-translation=\"\">Wir werden sagen<\/span> (Nous le dirons)<br \/>\n\u2013 <span class=\"not\" data-no-auto-translation=\"\">Ihr werdet sagen<\/span> (Vous direz)<br \/>\n\u2013 <span class=\"not\" data-no-auto-translation=\"\">Sie werden sagen<\/span> (Ils diront)<\/p>\n<p>&nbsp;<\/p>\n<h2>Temps du parfait (Perfekt)<\/h2>\n<p>Le pr\u00e9sent parfait est form\u00e9 avec le verbe auxiliaire <span class=\"not\" data-no-auto-translation=\"\">&#8220;haben&#8221;<\/span> (avoir) ou <span class=\"not\" data-no-auto-translation=\"\">&#8220;sein&#8221;<\/span> (\u00eatre) et le participe pass\u00e9 de <span class=\"not\" data-no-auto-translation=\"\">&#8220;sagen&#8221;<\/span>qui est <span class=\"not\" data-no-auto-translation=\"\">&#8220;gesagt&#8221;<\/span>:<\/p>\n<p>- Ich habe gesagt (j'ai dit)<br \/>\n\u2013 <span class=\"not\" data-no-auto-translation=\"\">Du hast gesagt<\/span> (Vous avez dit)<br \/>\n\u2013 <span class=\"not\" data-no-auto-translation=\"\">Er\/sie\/es hat gesagt<\/span> (Il\/elle a dit)<br \/>\n\u2013 <span class=\"not\" data-no-auto-translation=\"\">Wir haben gesagt<\/span> (Nous avons dit)<br \/>\n\u2013 <span class=\"not\" data-no-auto-translation=\"\">Ihr habt gesagt<\/span> (Vous avez dit)<br \/>\n\u2013 <span class=\"not\" data-no-auto-translation=\"\">Sie haben gesagt<\/span> (Ils ont dit)<\/p>\n<p>&nbsp;<\/p>\n<h2>Pass\u00e9 compos\u00e9 (Plusquamperfekt)<\/h2>\n<p>Le pass\u00e9 compos\u00e9, \u00e9galement connu sous le nom de <span class=\"not\" data-no-auto-translation=\"\">&#8220;Plusquamperfekt&#8221;<\/span>est construit avec les verbes auxiliaires <span class=\"not\" data-no-auto-translation=\"\">&#8220;haben&#8221;<\/span> ou <span class=\"not\" data-no-auto-translation=\"\">&#8220;sein&#8221;<\/span> au pass\u00e9 et au participe pass\u00e9 <span class=\"not\" data-no-auto-translation=\"\">&#8220;gesagt&#8221;<\/span>:<\/p>\n<p>\u2013 <span class=\"not\" data-no-auto-translation=\"\">Ich hatte gesagt<\/span> (j'avais dit)<br \/>\n\u2013 <span class=\"not\" data-no-auto-translation=\"\">Du hattest gesagt<\/span> (Vous aviez dit)<br \/>\n\u2013 <span class=\"not\" data-no-auto-translation=\"\">Er\/sie\/es hatte gesagt<\/span> (Il\/elle avait dit)<br \/>\n\u2013 <span class=\"not\" data-no-auto-translation=\"\">Wir hatten gesagt<\/span> (Nous avions dit)<br \/>\n\u2013 <span class=\"not\" data-no-auto-translation=\"\">Ihr hattet gesagt<\/span> (Vous aviez dit)<br \/>\n\u2013 <span class=\"not\" data-no-auto-translation=\"\">Sie hatten gesagt<\/span> (Ils avaient dit)<\/p>\n<p>&nbsp;<\/p>\n<h2>Futur parfait (Futur II)<\/h2>\n<p>Le futur parfait combine le verbe auxiliaire <span class=\"not\" data-no-auto-translation=\"\">&#8220;haben&#8221;<\/span> ou <span class=\"not\" data-no-auto-translation=\"\">&#8220;sein&#8221;<\/span> au futur avec le participe pass\u00e9 <span class=\"not\" data-no-auto-translation=\"\">&#8220;gesagt&#8221;<\/span>:<\/p>\n<p>\u2013 <span class=\"not\" data-no-auto-translation=\"\">Ich werde gesagt haben<\/span> (J'aurai dit)<br \/>\n\u2013 <span class=\"not\" data-no-auto-translation=\"\">Du wirst gesagt haben<\/span> (Vous aurez dit)<br \/>\n\u2013 <span class=\"not\" data-no-auto-translation=\"\">Er\/sie\/es wird gesagt haben<\/span> (Il\/elle aura dit)<br \/>\n\u2013 <span class=\"not\" data-no-auto-translation=\"\">Wir werden gesagt haben<\/span> (Nous aurons dit)<br \/>\n\u2013 <span class=\"not\" data-no-auto-translation=\"\">Ihr werdet gesagt haben<\/span> (Vous aurez dit)<br \/>\n\u2013 <span class=\"not\" data-no-auto-translation=\"\">Sie werden gesagt haben<\/span> (Ils auront dit)<\/p>\n<div id=\"lingo-2802923380\" class=\"lingo-after-content-2 lingo-entity-placement\"><div class=\"not\" data-no-auto-translation=\"\">\r\n<div style=\"text-align: center; margin-bottom: 30px; padding: 15px 10px 20px 10px; border: solid #efefef;\">\r\n<div style=\"font-weight: bold; font-size: 120%; padding-bottom: 10px;\">Vous voulez apprendre une langue plus rapidement ?<\/div>\r\n<p>La bonne application peut faire toute la diff\u00e9rence.<\/p>\r\n<p>Faites ce quiz gratuit de 30 secondes et trouvez l\u2019application qui vous aide \u00e0 apprendre plus vite.<\/p>\r\n<a class=\"a4\" href=\"https:\/\/www.lingotop.com\/fr\/test-linguistique\" rel=\"nofollow noopener\" target=\"_blank\">Commencer le quiz<\/a><br \/>\r\n<\/div><\/div><\/div>","protected":false},"excerpt":{"rendered":"<p>Le verbe allemand \"sagen\" est un \u00e9l\u00e9ment essentiel de la communication quotidienne. Dans cet article, nous allons examiner sa conjugaison \u00e0 diff\u00e9rents temps grammaticaux.   Le pr\u00e9sent Au pr\u00e9sent, \"sagen\" se conjugue comme suit : - Ich sage (Je dis) - Du sagst (Tu dis) - Er\/sie\/es sagt (Il\/elle dit) - Wir sagen (Nous disons) - ... <a title=\"\u201cSagen\u201d - Conjugaison du verbe allemand\" class=\"read-more\" href=\"https:\/\/www.lingotop.com\/fr\/sagen-conjugation-german\" aria-label=\"En savoir plus sur \u201cSagen\u201d - Conjugaison du verbe allemand\">Lire la suite<\/a><\/p>","protected":false},"author":1,"featured_media":0,"comment_status":"closed","ping_status":"closed","sticky":false,"template":"","format":"standard","meta":{"_acf_changed":false,"footnotes":""},"categories":[30],"tags":[],"class_list":["post-1324","post","type-post","status-publish","format-standard","hentry","category-german"],"acf":[],"yoast_head":"<!-- This site is optimized with the Yoast SEO plugin v27.6 - https:\/\/yoast.com\/product\/yoast-seo-wordpress\/ -->\n<title>&quot;Sagen&quot; - Conjugation of the German Verb<\/title>\n<meta name=\"robots\" content=\"index, follow, max-snippet:-1, max-image-preview:large, max-video-preview:-1\" \/>\n<link rel=\"canonical\" href=\"https:\/\/www.lingotop.com\/fr\/sagen-conjugaison-allemand\/\" \/>\n<meta property=\"og:locale\" content=\"fr_FR\" \/>\n<meta property=\"og:type\" content=\"article\" \/>\n<meta property=\"og:title\" content=\"&quot;Sagen&quot; - Conjugation of the German Verb\" \/>\n<meta property=\"og:description\" content=\"The German verb &#8220;sagen&#8221; is an essential component of everyday communication. In this article, we&#039;ll look into its conjugation across various grammatical tenses. &nbsp; Present Tense In the present tense, &#8220;sagen&#8221; conjugates as follows: &#8211; Ich sage (I say) &#8211; Du sagst (You say) &#8211; Er\/sie\/es sagt (He\/she\/it says) &#8211; Wir sagen (We say) &#8211; ... Lire la suite\" \/>\n<meta property=\"og:url\" content=\"https:\/\/www.lingotop.com\/fr\/sagen-conjugaison-allemand\/\" \/>\n<meta property=\"og:site_name\" content=\"Lingotop\" \/>\n<meta property=\"article:published_time\" content=\"2024-03-09T09:18:54+00:00\" \/>\n<meta property=\"article:modified_time\" content=\"2024-04-17T13:02:57+00:00\" \/>\n<meta name=\"author\" content=\"Jesper\" \/>\n<meta name=\"twitter:card\" content=\"summary_large_image\" \/>\n<meta name=\"twitter:label1\" content=\"\u00c9crit par\" \/>\n\t<meta name=\"twitter:data1\" content=\"Jesper\" \/>\n\t<meta name=\"twitter:label2\" content=\"Dur\u00e9e de lecture estim\u00e9e\" \/>\n\t<meta name=\"twitter:data2\" content=\"2 minutes\" \/>\n<script type=\"application\/ld+json\" class=\"yoast-schema-graph\">{\"@context\":\"https:\\\/\\\/schema.org\",\"@graph\":[{\"@type\":\"Article\",\"@id\":\"https:\\\/\\\/www.lingotop.com\\\/sagen-conjugation-german#article\",\"isPartOf\":{\"@id\":\"https:\\\/\\\/www.lingotop.com\\\/sagen-conjugation-german\"},\"author\":{\"name\":\"Jesper\",\"@id\":\"https:\\\/\\\/www.lingotop.com\\\/en\\\/#\\\/schema\\\/person\\\/dedffff5c4a0c0a1bfc85f35b9e57021\"},\"headline\":\"&#8220;Sagen&#8221; &#8211; Conjugation of the German Verb\",\"datePublished\":\"2024-03-09T09:18:54+00:00\",\"dateModified\":\"2024-04-17T13:02:57+00:00\",\"mainEntityOfPage\":{\"@id\":\"https:\\\/\\\/www.lingotop.com\\\/sagen-conjugation-german\"},\"wordCount\":430,\"publisher\":{\"@id\":\"https:\\\/\\\/www.lingotop.com\\\/en\\\/#organization\"},\"articleSection\":[\"German\"],\"inLanguage\":\"fr-FR\"},{\"@type\":\"WebPage\",\"@id\":\"https:\\\/\\\/www.lingotop.com\\\/sagen-conjugation-german\",\"url\":\"https:\\\/\\\/www.lingotop.com\\\/sagen-conjugation-german\",\"name\":\"\\\"Sagen\\\" - Conjugation of the German Verb\",\"isPartOf\":{\"@id\":\"https:\\\/\\\/www.lingotop.com\\\/en\\\/#website\"},\"datePublished\":\"2024-03-09T09:18:54+00:00\",\"dateModified\":\"2024-04-17T13:02:57+00:00\",\"breadcrumb\":{\"@id\":\"https:\\\/\\\/www.lingotop.com\\\/sagen-conjugation-german#breadcrumb\"},\"inLanguage\":\"fr-FR\",\"potentialAction\":[{\"@type\":\"ReadAction\",\"target\":[\"https:\\\/\\\/www.lingotop.com\\\/sagen-conjugation-german\"]}]},{\"@type\":\"BreadcrumbList\",\"@id\":\"https:\\\/\\\/www.lingotop.com\\\/sagen-conjugation-german#breadcrumb\",\"itemListElement\":[{\"@type\":\"ListItem\",\"position\":1,\"name\":\"Home\",\"item\":\"https:\\\/\\\/www.lingotop.com\\\/\"},{\"@type\":\"ListItem\",\"position\":2,\"name\":\"&#8220;Sagen&#8221; &#8211; Conjugation of the German Verb\"}]},{\"@type\":\"WebSite\",\"@id\":\"https:\\\/\\\/www.lingotop.com\\\/en\\\/#website\",\"url\":\"https:\\\/\\\/www.lingotop.com\\\/en\\\/\",\"name\":\"Lingotop\",\"description\":\"Learn languages online\",\"publisher\":{\"@id\":\"https:\\\/\\\/www.lingotop.com\\\/en\\\/#organization\"},\"potentialAction\":[{\"@type\":\"SearchAction\",\"target\":{\"@type\":\"EntryPoint\",\"urlTemplate\":\"https:\\\/\\\/www.lingotop.com\\\/en\\\/?s={search_term_string}\"},\"query-input\":{\"@type\":\"PropertyValueSpecification\",\"valueRequired\":true,\"valueName\":\"search_term_string\"}}],\"inLanguage\":\"fr-FR\"},{\"@type\":\"Organization\",\"@id\":\"https:\\\/\\\/www.lingotop.com\\\/en\\\/#organization\",\"name\":\"Lingotop\",\"url\":\"https:\\\/\\\/www.lingotop.com\\\/en\\\/\",\"logo\":{\"@type\":\"ImageObject\",\"inLanguage\":\"fr-FR\",\"@id\":\"https:\\\/\\\/www.lingotop.com\\\/en\\\/#\\\/schema\\\/logo\\\/image\\\/\",\"url\":\"https:\\\/\\\/www.lingotop.com\\\/wp-content\\\/uploads\\\/2024\\\/03\\\/lingotop-logo-new.png?wsr\",\"contentUrl\":\"https:\\\/\\\/www.lingotop.com\\\/wp-content\\\/uploads\\\/2024\\\/03\\\/lingotop-logo-new.png?wsr\",\"width\":989,\"height\":222,\"caption\":\"Lingotop\"},\"image\":{\"@id\":\"https:\\\/\\\/www.lingotop.com\\\/en\\\/#\\\/schema\\\/logo\\\/image\\\/\"}},{\"@type\":\"Person\",\"@id\":\"https:\\\/\\\/www.lingotop.com\\\/en\\\/#\\\/schema\\\/person\\\/dedffff5c4a0c0a1bfc85f35b9e57021\",\"name\":\"Jesper\",\"image\":{\"@type\":\"ImageObject\",\"inLanguage\":\"fr-FR\",\"@id\":\"https:\\\/\\\/secure.gravatar.com\\\/avatar\\\/5ff46f83ce962a741bd719be7cb170e6ec9041c021a913406ca1498bec6a5b7e?s=96&d=mm&r=g\",\"url\":\"https:\\\/\\\/secure.gravatar.com\\\/avatar\\\/5ff46f83ce962a741bd719be7cb170e6ec9041c021a913406ca1498bec6a5b7e?s=96&d=mm&r=g\",\"contentUrl\":\"https:\\\/\\\/secure.gravatar.com\\\/avatar\\\/5ff46f83ce962a741bd719be7cb170e6ec9041c021a913406ca1498bec6a5b7e?s=96&d=mm&r=g\",\"caption\":\"Jesper\"}}]}<\/script>\n<!-- \/ Yoast SEO plugin. -->","yoast_head_json":{"title":"\"Sagen\" - Conjugaison du verbe allemand","robots":{"index":"index","follow":"follow","max-snippet":"max-snippet:-1","max-image-preview":"max-image-preview:large","max-video-preview":"max-video-preview:-1"},"canonical":"https:\/\/www.lingotop.com\/fr\/sagen-conjugaison-allemand\/","og_locale":"fr_FR","og_type":"article","og_title":"\"Sagen\" - Conjugation of the German Verb","og_description":"The German verb &#8220;sagen&#8221; is an essential component of everyday communication. In this article, we'll look into its conjugation across various grammatical tenses. &nbsp; Present Tense In the present tense, &#8220;sagen&#8221; conjugates as follows: &#8211; Ich sage (I say) &#8211; Du sagst (You say) &#8211; Er\/sie\/es sagt (He\/she\/it says) &#8211; Wir sagen (We say) &#8211; ... Lire la suite","og_url":"https:\/\/www.lingotop.com\/fr\/sagen-conjugaison-allemand\/","og_site_name":"Lingotop","article_published_time":"2024-03-09T09:18:54+00:00","article_modified_time":"2024-04-17T13:02:57+00:00","author":"Jesper","twitter_card":"summary_large_image","twitter_misc":{"\u00c9crit par":"Jesper","Dur\u00e9e de lecture estim\u00e9e":"2 minutes"},"schema":{"@context":"https:\/\/schema.org","@graph":[{"@type":"Article","@id":"https:\/\/www.lingotop.com\/sagen-conjugation-german#article","isPartOf":{"@id":"https:\/\/www.lingotop.com\/sagen-conjugation-german"},"author":{"name":"Jesper","@id":"https:\/\/www.lingotop.com\/en\/#\/schema\/person\/dedffff5c4a0c0a1bfc85f35b9e57021"},"headline":"&#8220;Sagen&#8221; &#8211; Conjugation of the German Verb","datePublished":"2024-03-09T09:18:54+00:00","dateModified":"2024-04-17T13:02:57+00:00","mainEntityOfPage":{"@id":"https:\/\/www.lingotop.com\/sagen-conjugation-german"},"wordCount":430,"publisher":{"@id":"https:\/\/www.lingotop.com\/en\/#organization"},"articleSection":["German"],"inLanguage":"fr-FR"},{"@type":"WebPage","@id":"https:\/\/www.lingotop.com\/sagen-conjugation-german","url":"https:\/\/www.lingotop.com\/sagen-conjugation-german","name":"\"Sagen\" - Conjugaison du verbe allemand","isPartOf":{"@id":"https:\/\/www.lingotop.com\/en\/#website"},"datePublished":"2024-03-09T09:18:54+00:00","dateModified":"2024-04-17T13:02:57+00:00","breadcrumb":{"@id":"https:\/\/www.lingotop.com\/sagen-conjugation-german#breadcrumb"},"inLanguage":"fr-FR","potentialAction":[{"@type":"ReadAction","target":["https:\/\/www.lingotop.com\/sagen-conjugation-german"]}]},{"@type":"BreadcrumbList","@id":"https:\/\/www.lingotop.com\/sagen-conjugation-german#breadcrumb","itemListElement":[{"@type":"ListItem","position":1,"name":"Home","item":"https:\/\/www.lingotop.com\/"},{"@type":"ListItem","position":2,"name":"&#8220;Sagen&#8221; &#8211; Conjugation of the German Verb"}]},{"@type":"WebSite","@id":"https:\/\/www.lingotop.com\/en\/#website","url":"https:\/\/www.lingotop.com\/en\/","name":"Lingotop","description":"Apprendre des langues en ligne","publisher":{"@id":"https:\/\/www.lingotop.com\/en\/#organization"},"potentialAction":[{"@type":"SearchAction","target":{"@type":"EntryPoint","urlTemplate":"https:\/\/www.lingotop.com\/en\/?s={search_term_string}"},"query-input":{"@type":"PropertyValueSpecification","valueRequired":true,"valueName":"search_term_string"}}],"inLanguage":"fr-FR"},{"@type":"Organization","@id":"https:\/\/www.lingotop.com\/en\/#organization","name":"Lingotop","url":"https:\/\/www.lingotop.com\/en\/","logo":{"@type":"ImageObject","inLanguage":"fr-FR","@id":"https:\/\/www.lingotop.com\/en\/#\/schema\/logo\/image\/","url":"https:\/\/www.lingotop.com\/wp-content\/uploads\/2024\/03\/lingotop-logo-new.png?wsr","contentUrl":"https:\/\/www.lingotop.com\/wp-content\/uploads\/2024\/03\/lingotop-logo-new.png?wsr","width":989,"height":222,"caption":"Lingotop"},"image":{"@id":"https:\/\/www.lingotop.com\/en\/#\/schema\/logo\/image\/"}},{"@type":"Person","@id":"https:\/\/www.lingotop.com\/en\/#\/schema\/person\/dedffff5c4a0c0a1bfc85f35b9e57021","name":"Jesper","image":{"@type":"ImageObject","inLanguage":"fr-FR","@id":"https:\/\/secure.gravatar.com\/avatar\/5ff46f83ce962a741bd719be7cb170e6ec9041c021a913406ca1498bec6a5b7e?s=96&d=mm&r=g","url":"https:\/\/secure.gravatar.com\/avatar\/5ff46f83ce962a741bd719be7cb170e6ec9041c021a913406ca1498bec6a5b7e?s=96&d=mm&r=g","contentUrl":"https:\/\/secure.gravatar.com\/avatar\/5ff46f83ce962a741bd719be7cb170e6ec9041c021a913406ca1498bec6a5b7e?s=96&d=mm&r=g","caption":"Jesper"}}]}},"_links":{"self":[{"href":"https:\/\/www.lingotop.com\/fr\/wp-json\/wp\/v2\/posts\/1324","targetHints":{"allow":["GET"]}}],"collection":[{"href":"https:\/\/www.lingotop.com\/fr\/wp-json\/wp\/v2\/posts"}],"about":[{"href":"https:\/\/www.lingotop.com\/fr\/wp-json\/wp\/v2\/types\/post"}],"author":[{"embeddable":true,"href":"https:\/\/www.lingotop.com\/fr\/wp-json\/wp\/v2\/users\/1"}],"replies":[{"embeddable":true,"href":"https:\/\/www.lingotop.com\/fr\/wp-json\/wp\/v2\/comments?post=1324"}],"version-history":[{"count":5,"href":"https:\/\/www.lingotop.com\/fr\/wp-json\/wp\/v2\/posts\/1324\/revisions"}],"predecessor-version":[{"id":2167,"href":"https:\/\/www.lingotop.com\/fr\/wp-json\/wp\/v2\/posts\/1324\/revisions\/2167"}],"wp:attachment":[{"href":"https:\/\/www.lingotop.com\/fr\/wp-json\/wp\/v2\/media?parent=1324"}],"wp:term":[{"taxonomy":"category","embeddable":true,"href":"https:\/\/www.lingotop.com\/fr\/wp-json\/wp\/v2\/categories?post=1324"},{"taxonomy":"post_tag","embeddable":true,"href":"https:\/\/www.lingotop.com\/fr\/wp-json\/wp\/v2\/tags?post=1324"}],"curies":[{"name":"wp","href":"https:\/\/api.w.org\/{rel}","templated":true}]}}