{"id":1569,"date":"2024-03-31T10:10:25","date_gmt":"2024-03-31T10:10:25","guid":{"rendered":"https:\/\/www.lingotop.com\/?p=1569"},"modified":"2024-03-08T06:13:12","modified_gmt":"2024-03-08T06:13:12","slug":"los-verbos-reflexivos-alemanes-y-su-uso-en-contexto","status":"publish","type":"post","link":"https:\/\/www.lingotop.com\/es\/german-reflexive-verbs-and-their-usage-in-context","title":{"rendered":"Los verbos reflexivos alemanes y su uso en contexto"},"content":{"rendered":"<div id=\"lingo-2792465246\" class=\"lingo-before-content-2 lingo-entity-placement\"><div class=\"not\" data-no-auto-translation=\"\">\r\n<div style=\"text-align: center; margin-bottom: 30px; padding: 15px 10px 20px 10px; border: solid #efefef;\">\r\n<div style=\"font-weight: bold; font-size: 120%; padding-bottom: 10px;\">\u00bfQuieres aprender un idioma m\u00e1s r\u00e1pido?<\/div>\r\n<p>La aplicaci\u00f3n adecuada puede marcar la diferencia.<\/p>\r\n<p>Haz este quiz gratuito de 30 segundos y encuentra la app que te ayuda a aprender m\u00e1s r\u00e1pido.<\/p>\r\n<a class=\"a4\" href=\"https:\/\/www.lingotop.com\/es\/prueba-de-lengua\" rel=\"nofollow noopener\" target=\"_blank\">Empezar el quiz<\/a><br \/>\r\n<\/div>\t<\/div><\/div><p>Los verbos reflexivos desempe\u00f1an un papel fundamental en la lengua alemana, ya que indican acciones que el sujeto realiza sobre s\u00ed mismo. Comprender c\u00f3mo utilizar correctamente los verbos reflexivos puede mejorar enormemente su capacidad para comunicarse eficazmente en alem\u00e1n. En este art\u00edculo analizaremos el uso de los verbos reflexivos en alem\u00e1n en varios contextos, junto con ejemplos que ilustran su uso.<\/p>\n<p>&nbsp;<\/p>\n<h2>\u00bfQu\u00e9 son los verbos reflexivos?<\/h2>\n<p>Los verbos reflexivos en alem\u00e1n son verbos que van acompa\u00f1ados de un pronombre reflexivo, normalmente terminado en <span class=\"not\" data-no-auto-translation=\"\">&#8220;-self&#8221;<\/span> o <span class=\"not\" data-no-auto-translation=\"\">&#8220;-selves&#8221;<\/span> en ingl\u00e9s. Estos pronombres indican que la acci\u00f3n del verbo se refleja en el sujeto. Por ejemplo, <span class=\"not\" data-no-auto-translation=\"\">&#8220;sich waschen&#8221;<\/span> significa \"lavarse\", donde <span class=\"not\" data-no-auto-translation=\"\">&#8220;sich&#8221;<\/span> es el pronombre reflexivo.<\/p>\n<p>&nbsp;<\/p>\n<h2>Los verbos reflexivos en las actividades cotidianas<\/h2>\n<p>Los verbos reflexivos se utilizan habitualmente para describir actividades cotidianas que las personas realizan sobre s\u00ed mismas. He aqu\u00ed algunos ejemplos:<\/p>\n<ol>\n<li>\n<p><strong><span class=\"not\" data-no-auto-translation=\"\">sich anziehen<\/span><\/strong> - vestirse<br \/>\n<em>Ejemplo: <span class=\"not\" data-no-auto-translation=\"\">Ich ziehe mich morgens schnell an.<\/span><\/em> (Me visto r\u00e1pidamente por la ma\u00f1ana).<\/p>\n<\/li>\n<li>\n<p><strong><span class=\"not\" data-no-auto-translation=\"\">sich waschen<\/span><\/strong> - lavarse<br \/>\n<em>Ejemplo: <span class=\"not\" data-no-auto-translation=\"\">Er w\u00e4scht sich gr\u00fcndlich die H\u00e4nde.<\/span><\/em> (Se lava bien las manos).<\/p>\n<\/li>\n<li>\n<p><strong><span class=\"not\" data-no-auto-translation=\"\">sich die Haare k\u00e4mmen<\/span><\/strong> - peinarse<br \/>\n<em>Ejemplo: <span class=\"not\" data-no-auto-translation=\"\">Sie k\u00e4mmt sich die Haare vor dem Spiegel.<\/span><\/em> (Se peina frente al espejo).<\/p>\n<\/li>\n<\/ol>\n<p>&nbsp;<\/p>\n<h2>Verbos reflexivos en emociones y estados<\/h2>\n<p>Los verbos reflexivos tambi\u00e9n se utilizan para expresar emociones o estados que afectan a uno mismo. He aqu\u00ed algunos ejemplos:<\/p>\n<ol>\n<li>\n<p><strong><span class=\"not\" data-no-auto-translation=\"\">sich freuen<\/span><\/strong> - ser feliz<br \/>\n<em>Ejemplo: <span class=\"not\" data-no-auto-translation=\"\">Wir freuen uns auf das Wochenende.<\/span><\/em> (Estamos deseando que llegue el fin de semana).<\/p>\n<\/li>\n<li>\n<p><strong><span class=\"not\" data-no-auto-translation=\"\">sich \u00e4rgern<\/span><\/strong> - molestarse<br \/>\n<em>Ejemplo: <span class=\"not\" data-no-auto-translation=\"\">Warum \u00e4rgerst du dich \u00fcber kleine Dinge?<\/span><\/em> (\u00bfPor qu\u00e9 te enfadas por peque\u00f1eces?)<\/p>\n<\/li>\n<li>\n<p><strong><span class=\"not\" data-no-auto-translation=\"\">sich entspannen<\/span><\/strong> - para relajarse<br \/>\n<em>Ejemplo: <span class=\"not\" data-no-auto-translation=\"\">Nach der Arbeit entspannt er sich gerne vor dem Fernseher.<\/span><\/em> (Despu\u00e9s del trabajo, le gusta relajarse frente al televisor).<\/p>\n<\/li>\n<\/ol>\n<p>&nbsp;<\/p>\n<h2>Verbos reflexivos en acciones rec\u00edprocas<\/h2>\n<p>Los verbos reflexivos tambi\u00e9n pueden indicar acciones rec\u00edprocas entre dos o m\u00e1s individuos. He aqu\u00ed un par de ejemplos:<\/p>\n<ol>\n<li>\n<p><strong><span class=\"not\" data-no-auto-translation=\"\">sich treffen<\/span><\/strong> - conocerse<br \/>\n<em>Ejemplo: <span class=\"not\" data-no-auto-translation=\"\">Wir treffen uns morgen im Caf\u00e9.<\/span><\/em> (Hemos quedado ma\u00f1ana en el caf\u00e9).<\/p>\n<\/li>\n<li>\n<p><strong><span class=\"not\" data-no-auto-translation=\"\">sich umarmen<\/span><\/strong> - abrazarnos<br \/>\n<em>Ejemplo: <span class=\"not\" data-no-auto-translation=\"\">Die Freunde umarmen sich zur Begr\u00fc\u00dfung.<\/span><\/em> (Los amigos se abrazan en se\u00f1al de saludo).<\/p>\n<\/li>\n<\/ol>\n<div id=\"lingo-247556110\" class=\"lingo-after-content-2 lingo-entity-placement\"><div class=\"not\" data-no-auto-translation=\"\">\r\n<div style=\"text-align: center; margin-bottom: 30px; padding: 15px 10px 20px 10px; border: solid #efefef;\">\r\n<div style=\"font-weight: bold; font-size: 120%; padding-bottom: 10px;\">\u00bfQuieres aprender un idioma m\u00e1s r\u00e1pido?<\/div>\r\n<p>La aplicaci\u00f3n adecuada puede marcar la diferencia.<\/p>\r\n<p>Haz este quiz gratuito de 30 segundos y encuentra la app que te ayuda a aprender m\u00e1s r\u00e1pido.<\/p>\r\n<a class=\"a4\" href=\"https:\/\/www.lingotop.com\/es\/prueba-de-lengua\" rel=\"nofollow noopener\" target=\"_blank\">Empezar el quiz<\/a><br \/>\r\n<\/div><\/div><\/div>","protected":false},"excerpt":{"rendered":"<p>Los verbos reflexivos desempe\u00f1an un papel crucial en la lengua alemana, ya que indican acciones que el sujeto realiza sobre s\u00ed mismo. Comprender c\u00f3mo utilizar correctamente los verbos reflexivos puede mejorar enormemente su capacidad para comunicarse eficazmente en alem\u00e1n. En este art\u00edculo, analizaremos el uso de los verbos reflexivos en alem\u00e1n en varios contextos, junto con ejemplos para ilustrar ... <a title=\"Los verbos reflexivos alemanes y su uso en contexto\" class=\"read-more\" href=\"https:\/\/www.lingotop.com\/es\/german-reflexive-verbs-and-their-usage-in-context\" aria-label=\"Leer m\u00e1s sobre Los verbos reflexivos alemanes y su uso en contexto\">Leer m\u00e1s<\/a><\/p>","protected":false},"author":1,"featured_media":0,"comment_status":"closed","ping_status":"closed","sticky":false,"template":"","format":"standard","meta":{"_acf_changed":false,"footnotes":""},"categories":[30],"tags":[],"class_list":["post-1569","post","type-post","status-publish","format-standard","hentry","category-german"],"acf":[],"yoast_head":"<!-- This site is optimized with the Yoast SEO plugin v27.6 - https:\/\/yoast.com\/product\/yoast-seo-wordpress\/ -->\n<title>German Reflexive Verbs and Their Usage in Context<\/title>\n<meta name=\"robots\" content=\"index, follow, max-snippet:-1, max-image-preview:large, max-video-preview:-1\" \/>\n<link rel=\"canonical\" href=\"https:\/\/www.lingotop.com\/es\/los-verbos-reflexivos-alemanes-y-su-uso-en-contexto\/\" \/>\n<meta property=\"og:locale\" content=\"es_ES\" \/>\n<meta property=\"og:type\" content=\"article\" \/>\n<meta property=\"og:title\" content=\"German Reflexive Verbs and Their Usage in Context\" \/>\n<meta property=\"og:description\" content=\"Reflexive verbs play a crucial role in the German language, indicating actions that the subject performs on itself. Understanding how to use reflexive verbs correctly can greatly enhance your ability to communicate effectively in German. In this article, we&#039;ll look into the usage of German reflexive verbs in various contexts, along with examples to illustrate ... Leer m\u00e1s\" \/>\n<meta property=\"og:url\" content=\"https:\/\/www.lingotop.com\/es\/los-verbos-reflexivos-alemanes-y-su-uso-en-contexto\/\" \/>\n<meta property=\"og:site_name\" content=\"Lingotop\" \/>\n<meta property=\"article:published_time\" content=\"2024-03-31T10:10:25+00:00\" \/>\n<meta name=\"author\" content=\"Jesper\" \/>\n<meta name=\"twitter:card\" content=\"summary_large_image\" \/>\n<meta name=\"twitter:label1\" content=\"Escrito por\" \/>\n\t<meta name=\"twitter:data1\" content=\"Jesper\" \/>\n\t<meta name=\"twitter:label2\" content=\"Tiempo de lectura\" \/>\n\t<meta name=\"twitter:data2\" content=\"2 minutos\" \/>\n<script type=\"application\/ld+json\" class=\"yoast-schema-graph\">{\"@context\":\"https:\\\/\\\/schema.org\",\"@graph\":[{\"@type\":\"Article\",\"@id\":\"https:\\\/\\\/www.lingotop.com\\\/german-reflexive-verbs-and-their-usage-in-context#article\",\"isPartOf\":{\"@id\":\"https:\\\/\\\/www.lingotop.com\\\/german-reflexive-verbs-and-their-usage-in-context\"},\"author\":{\"name\":\"Jesper\",\"@id\":\"https:\\\/\\\/www.lingotop.com\\\/en\\\/#\\\/schema\\\/person\\\/dedffff5c4a0c0a1bfc85f35b9e57021\"},\"headline\":\"German Reflexive Verbs and Their Usage in Context\",\"datePublished\":\"2024-03-31T10:10:25+00:00\",\"mainEntityOfPage\":{\"@id\":\"https:\\\/\\\/www.lingotop.com\\\/german-reflexive-verbs-and-their-usage-in-context\"},\"wordCount\":375,\"publisher\":{\"@id\":\"https:\\\/\\\/www.lingotop.com\\\/en\\\/#organization\"},\"articleSection\":[\"German\"],\"inLanguage\":\"es\"},{\"@type\":\"WebPage\",\"@id\":\"https:\\\/\\\/www.lingotop.com\\\/german-reflexive-verbs-and-their-usage-in-context\",\"url\":\"https:\\\/\\\/www.lingotop.com\\\/german-reflexive-verbs-and-their-usage-in-context\",\"name\":\"German Reflexive Verbs and Their Usage in Context\",\"isPartOf\":{\"@id\":\"https:\\\/\\\/www.lingotop.com\\\/en\\\/#website\"},\"datePublished\":\"2024-03-31T10:10:25+00:00\",\"breadcrumb\":{\"@id\":\"https:\\\/\\\/www.lingotop.com\\\/german-reflexive-verbs-and-their-usage-in-context#breadcrumb\"},\"inLanguage\":\"es\",\"potentialAction\":[{\"@type\":\"ReadAction\",\"target\":[\"https:\\\/\\\/www.lingotop.com\\\/german-reflexive-verbs-and-their-usage-in-context\"]}]},{\"@type\":\"BreadcrumbList\",\"@id\":\"https:\\\/\\\/www.lingotop.com\\\/german-reflexive-verbs-and-their-usage-in-context#breadcrumb\",\"itemListElement\":[{\"@type\":\"ListItem\",\"position\":1,\"name\":\"Home\",\"item\":\"https:\\\/\\\/www.lingotop.com\\\/\"},{\"@type\":\"ListItem\",\"position\":2,\"name\":\"German Reflexive Verbs and Their Usage in Context\"}]},{\"@type\":\"WebSite\",\"@id\":\"https:\\\/\\\/www.lingotop.com\\\/en\\\/#website\",\"url\":\"https:\\\/\\\/www.lingotop.com\\\/en\\\/\",\"name\":\"Lingotop\",\"description\":\"Learn languages online\",\"publisher\":{\"@id\":\"https:\\\/\\\/www.lingotop.com\\\/en\\\/#organization\"},\"potentialAction\":[{\"@type\":\"SearchAction\",\"target\":{\"@type\":\"EntryPoint\",\"urlTemplate\":\"https:\\\/\\\/www.lingotop.com\\\/en\\\/?s={search_term_string}\"},\"query-input\":{\"@type\":\"PropertyValueSpecification\",\"valueRequired\":true,\"valueName\":\"search_term_string\"}}],\"inLanguage\":\"es\"},{\"@type\":\"Organization\",\"@id\":\"https:\\\/\\\/www.lingotop.com\\\/en\\\/#organization\",\"name\":\"Lingotop\",\"url\":\"https:\\\/\\\/www.lingotop.com\\\/en\\\/\",\"logo\":{\"@type\":\"ImageObject\",\"inLanguage\":\"es\",\"@id\":\"https:\\\/\\\/www.lingotop.com\\\/en\\\/#\\\/schema\\\/logo\\\/image\\\/\",\"url\":\"https:\\\/\\\/www.lingotop.com\\\/wp-content\\\/uploads\\\/2024\\\/03\\\/lingotop-logo-new.png?wsr\",\"contentUrl\":\"https:\\\/\\\/www.lingotop.com\\\/wp-content\\\/uploads\\\/2024\\\/03\\\/lingotop-logo-new.png?wsr\",\"width\":989,\"height\":222,\"caption\":\"Lingotop\"},\"image\":{\"@id\":\"https:\\\/\\\/www.lingotop.com\\\/en\\\/#\\\/schema\\\/logo\\\/image\\\/\"}},{\"@type\":\"Person\",\"@id\":\"https:\\\/\\\/www.lingotop.com\\\/en\\\/#\\\/schema\\\/person\\\/dedffff5c4a0c0a1bfc85f35b9e57021\",\"name\":\"Jesper\",\"image\":{\"@type\":\"ImageObject\",\"inLanguage\":\"es\",\"@id\":\"https:\\\/\\\/secure.gravatar.com\\\/avatar\\\/5ff46f83ce962a741bd719be7cb170e6ec9041c021a913406ca1498bec6a5b7e?s=96&d=mm&r=g\",\"url\":\"https:\\\/\\\/secure.gravatar.com\\\/avatar\\\/5ff46f83ce962a741bd719be7cb170e6ec9041c021a913406ca1498bec6a5b7e?s=96&d=mm&r=g\",\"contentUrl\":\"https:\\\/\\\/secure.gravatar.com\\\/avatar\\\/5ff46f83ce962a741bd719be7cb170e6ec9041c021a913406ca1498bec6a5b7e?s=96&d=mm&r=g\",\"caption\":\"Jesper\"}}]}<\/script>\n<!-- \/ Yoast SEO plugin. -->","yoast_head_json":{"title":"Los verbos reflexivos alemanes y su uso en contexto","robots":{"index":"index","follow":"follow","max-snippet":"max-snippet:-1","max-image-preview":"max-image-preview:large","max-video-preview":"max-video-preview:-1"},"canonical":"https:\/\/www.lingotop.com\/es\/los-verbos-reflexivos-alemanes-y-su-uso-en-contexto\/","og_locale":"es_ES","og_type":"article","og_title":"German Reflexive Verbs and Their Usage in Context","og_description":"Reflexive verbs play a crucial role in the German language, indicating actions that the subject performs on itself. Understanding how to use reflexive verbs correctly can greatly enhance your ability to communicate effectively in German. In this article, we'll look into the usage of German reflexive verbs in various contexts, along with examples to illustrate ... Leer m\u00e1s","og_url":"https:\/\/www.lingotop.com\/es\/los-verbos-reflexivos-alemanes-y-su-uso-en-contexto\/","og_site_name":"Lingotop","article_published_time":"2024-03-31T10:10:25+00:00","author":"Jesper","twitter_card":"summary_large_image","twitter_misc":{"Escrito por":"Jesper","Tiempo de lectura":"2 minutos"},"schema":{"@context":"https:\/\/schema.org","@graph":[{"@type":"Article","@id":"https:\/\/www.lingotop.com\/german-reflexive-verbs-and-their-usage-in-context#article","isPartOf":{"@id":"https:\/\/www.lingotop.com\/german-reflexive-verbs-and-their-usage-in-context"},"author":{"name":"Jesper","@id":"https:\/\/www.lingotop.com\/en\/#\/schema\/person\/dedffff5c4a0c0a1bfc85f35b9e57021"},"headline":"German Reflexive Verbs and Their Usage in Context","datePublished":"2024-03-31T10:10:25+00:00","mainEntityOfPage":{"@id":"https:\/\/www.lingotop.com\/german-reflexive-verbs-and-their-usage-in-context"},"wordCount":375,"publisher":{"@id":"https:\/\/www.lingotop.com\/en\/#organization"},"articleSection":["German"],"inLanguage":"es"},{"@type":"WebPage","@id":"https:\/\/www.lingotop.com\/german-reflexive-verbs-and-their-usage-in-context","url":"https:\/\/www.lingotop.com\/german-reflexive-verbs-and-their-usage-in-context","name":"Los verbos reflexivos alemanes y su uso en contexto","isPartOf":{"@id":"https:\/\/www.lingotop.com\/en\/#website"},"datePublished":"2024-03-31T10:10:25+00:00","breadcrumb":{"@id":"https:\/\/www.lingotop.com\/german-reflexive-verbs-and-their-usage-in-context#breadcrumb"},"inLanguage":"es","potentialAction":[{"@type":"ReadAction","target":["https:\/\/www.lingotop.com\/german-reflexive-verbs-and-their-usage-in-context"]}]},{"@type":"BreadcrumbList","@id":"https:\/\/www.lingotop.com\/german-reflexive-verbs-and-their-usage-in-context#breadcrumb","itemListElement":[{"@type":"ListItem","position":1,"name":"Home","item":"https:\/\/www.lingotop.com\/"},{"@type":"ListItem","position":2,"name":"German Reflexive Verbs and Their Usage in Context"}]},{"@type":"WebSite","@id":"https:\/\/www.lingotop.com\/en\/#website","url":"https:\/\/www.lingotop.com\/en\/","name":"Lingotop","description":"Aprender idiomas en l\u00ednea","publisher":{"@id":"https:\/\/www.lingotop.com\/en\/#organization"},"potentialAction":[{"@type":"SearchAction","target":{"@type":"EntryPoint","urlTemplate":"https:\/\/www.lingotop.com\/en\/?s={search_term_string}"},"query-input":{"@type":"PropertyValueSpecification","valueRequired":true,"valueName":"search_term_string"}}],"inLanguage":"es"},{"@type":"Organization","@id":"https:\/\/www.lingotop.com\/en\/#organization","name":"Lingotop","url":"https:\/\/www.lingotop.com\/en\/","logo":{"@type":"ImageObject","inLanguage":"es","@id":"https:\/\/www.lingotop.com\/en\/#\/schema\/logo\/image\/","url":"https:\/\/www.lingotop.com\/wp-content\/uploads\/2024\/03\/lingotop-logo-new.png?wsr","contentUrl":"https:\/\/www.lingotop.com\/wp-content\/uploads\/2024\/03\/lingotop-logo-new.png?wsr","width":989,"height":222,"caption":"Lingotop"},"image":{"@id":"https:\/\/www.lingotop.com\/en\/#\/schema\/logo\/image\/"}},{"@type":"Person","@id":"https:\/\/www.lingotop.com\/en\/#\/schema\/person\/dedffff5c4a0c0a1bfc85f35b9e57021","name":"Jesper","image":{"@type":"ImageObject","inLanguage":"es","@id":"https:\/\/secure.gravatar.com\/avatar\/5ff46f83ce962a741bd719be7cb170e6ec9041c021a913406ca1498bec6a5b7e?s=96&d=mm&r=g","url":"https:\/\/secure.gravatar.com\/avatar\/5ff46f83ce962a741bd719be7cb170e6ec9041c021a913406ca1498bec6a5b7e?s=96&d=mm&r=g","contentUrl":"https:\/\/secure.gravatar.com\/avatar\/5ff46f83ce962a741bd719be7cb170e6ec9041c021a913406ca1498bec6a5b7e?s=96&d=mm&r=g","caption":"Jesper"}}]}},"_links":{"self":[{"href":"https:\/\/www.lingotop.com\/es\/wp-json\/wp\/v2\/posts\/1569","targetHints":{"allow":["GET"]}}],"collection":[{"href":"https:\/\/www.lingotop.com\/es\/wp-json\/wp\/v2\/posts"}],"about":[{"href":"https:\/\/www.lingotop.com\/es\/wp-json\/wp\/v2\/types\/post"}],"author":[{"embeddable":true,"href":"https:\/\/www.lingotop.com\/es\/wp-json\/wp\/v2\/users\/1"}],"replies":[{"embeddable":true,"href":"https:\/\/www.lingotop.com\/es\/wp-json\/wp\/v2\/comments?post=1569"}],"version-history":[{"count":4,"href":"https:\/\/www.lingotop.com\/es\/wp-json\/wp\/v2\/posts\/1569\/revisions"}],"predecessor-version":[{"id":1766,"href":"https:\/\/www.lingotop.com\/es\/wp-json\/wp\/v2\/posts\/1569\/revisions\/1766"}],"wp:attachment":[{"href":"https:\/\/www.lingotop.com\/es\/wp-json\/wp\/v2\/media?parent=1569"}],"wp:term":[{"taxonomy":"category","embeddable":true,"href":"https:\/\/www.lingotop.com\/es\/wp-json\/wp\/v2\/categories?post=1569"},{"taxonomy":"post_tag","embeddable":true,"href":"https:\/\/www.lingotop.com\/es\/wp-json\/wp\/v2\/tags?post=1569"}],"curies":[{"name":"wp","href":"https:\/\/api.w.org\/{rel}","templated":true}]}}