{"id":1324,"date":"2024-03-09T09:18:54","date_gmt":"2024-03-09T09:18:54","guid":{"rendered":"https:\/\/www.lingotop.com\/?p=1324"},"modified":"2024-04-17T13:02:57","modified_gmt":"2024-04-17T13:02:57","slug":"sagen-conjugacion-aleman","status":"publish","type":"post","link":"https:\/\/www.lingotop.com\/es\/sagen-conjugation-german","title":{"rendered":"\"Sagen\" - Conjugaci\u00f3n del verbo alem\u00e1n"},"content":{"rendered":"<div id=\"lingo-3752698120\" class=\"lingo-before-content-2 lingo-entity-placement\"><div class=\"not\" data-no-auto-translation=\"\">\r\n<div style=\"text-align: center; margin-bottom: 30px; padding: 15px 10px 20px 10px; border: solid #efefef;\">\r\n<div style=\"font-weight: bold; font-size: 120%; padding-bottom: 10px;\">\u00bfQuieres aprender un idioma m\u00e1s r\u00e1pido?<\/div>\r\n<p>La aplicaci\u00f3n adecuada puede marcar la diferencia.<\/p>\r\n<p>Haz este quiz gratuito de 30 segundos y encuentra la app que te ayuda a aprender m\u00e1s r\u00e1pido.<\/p>\r\n<a class=\"a4\" href=\"https:\/\/www.lingotop.com\/es\/prueba-de-lengua\" rel=\"nofollow noopener\" target=\"_blank\">Empezar el quiz<\/a><br \/>\r\n<\/div>\t<\/div><\/div><p>El verbo alem\u00e1n <span class=\"not\" data-no-auto-translation=\"\">&#8220;sagen&#8221;<\/span> es un componente esencial de la comunicaci\u00f3n cotidiana. En este art\u00edculo analizaremos su conjugaci\u00f3n en varios tiempos gramaticales.<\/p>\n<p>&nbsp;<\/p>\n<h2>Presente<\/h2>\n<p>En presente, <span class=\"not\" data-no-auto-translation=\"\">&#8220;sagen&#8221;<\/span> conjugados de la siguiente manera:<\/p>\n<p>\u2013 <span class=\"not\" data-no-auto-translation=\"\">Ich sage<\/span> (Yo digo)<br \/>\n\u2013 <span class=\"not\" data-no-auto-translation=\"\">Du sagst<\/span> (Dices)<br \/>\n\u2013 <span class=\"not\" data-no-auto-translation=\"\">Er\/sie\/es sagt<\/span> (Dice)<br \/>\n\u2013 <span class=\"not\" data-no-auto-translation=\"\">Wir sagen<\/span> (Nosotros decimos)<br \/>\n\u2013 <span class=\"not\" data-no-auto-translation=\"\">Ihr sagt<\/span> (Dices)<br \/>\n\u2013 <span class=\"not\" data-no-auto-translation=\"\">Sie sagen<\/span> (Dicen)<\/p>\n<p>&nbsp;<\/p>\n<h2>Pret\u00e9rito (Imperfekt)<\/h2>\n<p>El tiempo pasado, tambi\u00e9n conocido como <span class=\"not\" data-no-auto-translation=\"\">&#8220;Imperfekt&#8221;<\/span>, adopta las siguientes formas:<\/p>\n<p>\u2013 <span class=\"not\" data-no-auto-translation=\"\">Ich sagte<\/span> (He dicho)<br \/>\n\u2013 <span class=\"not\" data-no-auto-translation=\"\">Du sagtest<\/span> (T\u00fa lo has dicho)<br \/>\n\u2013 <span class=\"not\" data-no-auto-translation=\"\">Er\/sie\/es sagte<\/span> (Dijo)<br \/>\n\u2013 <span class=\"not\" data-no-auto-translation=\"\">Wir sagten<\/span> (Dijimos)<br \/>\n\u2013 <span class=\"not\" data-no-auto-translation=\"\">Ihr sagtet<\/span> (T\u00fa lo has dicho)<br \/>\n\u2013 <span class=\"not\" data-no-auto-translation=\"\">Sie sagten<\/span> (Dijeron)<\/p>\n<p>&nbsp;<\/p>\n<h2>Futuro (Futur I)<\/h2>\n<p>En tiempo futuro, <span class=\"not\" data-no-auto-translation=\"\">&#8220;sagen&#8221;<\/span> se conjuga con un verbo auxiliar y la forma infinitiva de <span class=\"not\" data-no-auto-translation=\"\">&#8220;sagen&#8221;<\/span>:<\/p>\n<p>\u2013 <span class=\"not\" data-no-auto-translation=\"\">Ich werde sagen<\/span> (dir\u00e9)<br \/>\n\u2013 <span class=\"not\" data-no-auto-translation=\"\">Du wirst sagen<\/span> (Usted dir\u00e1)<br \/>\n\u2013 <span class=\"not\" data-no-auto-translation=\"\">Er\/sie\/es wird sagen<\/span> (Dir\u00e1)<br \/>\n\u2013 <span class=\"not\" data-no-auto-translation=\"\">Wir werden sagen<\/span> (Diremos)<br \/>\n\u2013 <span class=\"not\" data-no-auto-translation=\"\">Ihr werdet sagen<\/span> (Usted dir\u00e1)<br \/>\n\u2013 <span class=\"not\" data-no-auto-translation=\"\">Sie werden sagen<\/span> (Dir\u00e1n)<\/p>\n<p>&nbsp;<\/p>\n<h2>Presente perfecto (Perfekt)<\/h2>\n<p>El presente perfecto se forma con el verbo auxiliar <span class=\"not\" data-no-auto-translation=\"\">&#8220;haben&#8221;<\/span> (tener) o <span class=\"not\" data-no-auto-translation=\"\">&#8220;sein&#8221;<\/span> (ser) y el participio pasado de <span class=\"not\" data-no-auto-translation=\"\">&#8220;sagen&#8221;<\/span>que es <span class=\"not\" data-no-auto-translation=\"\">&#8220;gesagt&#8221;<\/span>:<\/p>\n<p>- Ich habe gesagt (he dicho)<br \/>\n\u2013 <span class=\"not\" data-no-auto-translation=\"\">Du hast gesagt<\/span> (Usted ha dicho)<br \/>\n\u2013 <span class=\"not\" data-no-auto-translation=\"\">Er\/sie\/es hat gesagt<\/span> (Ha dicho)<br \/>\n\u2013 <span class=\"not\" data-no-auto-translation=\"\">Wir haben gesagt<\/span> (Hemos dicho)<br \/>\n\u2013 <span class=\"not\" data-no-auto-translation=\"\">Ihr habt gesagt<\/span> (Usted ha dicho)<br \/>\n\u2013 <span class=\"not\" data-no-auto-translation=\"\">Sie haben gesagt<\/span> (Han dicho)<\/p>\n<p>&nbsp;<\/p>\n<h2>Pret\u00e9rito perfecto (Plusquamperfekt)<\/h2>\n<p>El pret\u00e9rito perfecto, tambi\u00e9n conocido como <span class=\"not\" data-no-auto-translation=\"\">&#8220;Plusquamperfekt&#8221;<\/span>se construye con los verbos auxiliares <span class=\"not\" data-no-auto-translation=\"\">&#8220;haben&#8221;<\/span> o <span class=\"not\" data-no-auto-translation=\"\">&#8220;sein&#8221;<\/span> en pasado y participio pasado <span class=\"not\" data-no-auto-translation=\"\">&#8220;gesagt&#8221;<\/span>:<\/p>\n<p>\u2013 <span class=\"not\" data-no-auto-translation=\"\">Ich hatte gesagt<\/span> (Yo hab\u00eda dicho)<br \/>\n\u2013 <span class=\"not\" data-no-auto-translation=\"\">Du hattest gesagt<\/span> (Usted hab\u00eda dicho)<br \/>\n\u2013 <span class=\"not\" data-no-auto-translation=\"\">Er\/sie\/es hatte gesagt<\/span> (Hab\u00eda dicho)<br \/>\n\u2013 <span class=\"not\" data-no-auto-translation=\"\">Wir hatten gesagt<\/span> (Hab\u00edamos dicho)<br \/>\n\u2013 <span class=\"not\" data-no-auto-translation=\"\">Ihr hattet gesagt<\/span> (Usted hab\u00eda dicho)<br \/>\n\u2013 <span class=\"not\" data-no-auto-translation=\"\">Sie hatten gesagt<\/span> (Hab\u00edan dicho)<\/p>\n<p>&nbsp;<\/p>\n<h2>Futuro perfecto (Futur II)<\/h2>\n<p>El futuro perfecto combina el verbo auxiliar <span class=\"not\" data-no-auto-translation=\"\">&#8220;haben&#8221;<\/span> o <span class=\"not\" data-no-auto-translation=\"\">&#8220;sein&#8221;<\/span> en futuro con el participio pasado <span class=\"not\" data-no-auto-translation=\"\">&#8220;gesagt&#8221;<\/span>:<\/p>\n<p>\u2013 <span class=\"not\" data-no-auto-translation=\"\">Ich werde gesagt haben<\/span> (habr\u00e9 dicho)<br \/>\n\u2013 <span class=\"not\" data-no-auto-translation=\"\">Du wirst gesagt haben<\/span> (Habr\u00e1s dicho)<br \/>\n\u2013 <span class=\"not\" data-no-auto-translation=\"\">Er\/sie\/es wird gesagt haben<\/span> (Habr\u00e1 dicho)<br \/>\n\u2013 <span class=\"not\" data-no-auto-translation=\"\">Wir werden gesagt haben<\/span> (Habremos dicho)<br \/>\n\u2013 <span class=\"not\" data-no-auto-translation=\"\">Ihr werdet gesagt haben<\/span> (Habr\u00e1s dicho)<br \/>\n\u2013 <span class=\"not\" data-no-auto-translation=\"\">Sie werden gesagt haben<\/span> (Habr\u00e1n dicho)<\/p>\n<div id=\"lingo-2004832628\" class=\"lingo-after-content-2 lingo-entity-placement\"><div class=\"not\" data-no-auto-translation=\"\">\r\n<div style=\"text-align: center; margin-bottom: 30px; padding: 15px 10px 20px 10px; border: solid #efefef;\">\r\n<div style=\"font-weight: bold; font-size: 120%; padding-bottom: 10px;\">\u00bfQuieres aprender un idioma m\u00e1s r\u00e1pido?<\/div>\r\n<p>La aplicaci\u00f3n adecuada puede marcar la diferencia.<\/p>\r\n<p>Haz este quiz gratuito de 30 segundos y encuentra la app que te ayuda a aprender m\u00e1s r\u00e1pido.<\/p>\r\n<a class=\"a4\" href=\"https:\/\/www.lingotop.com\/es\/prueba-de-lengua\" rel=\"nofollow noopener\" target=\"_blank\">Empezar el quiz<\/a><br \/>\r\n<\/div><\/div><\/div>","protected":false},"excerpt":{"rendered":"<p>El verbo alem\u00e1n \"sagen\" es un componente esencial de la comunicaci\u00f3n cotidiana. En este art\u00edculo veremos su conjugaci\u00f3n en varios tiempos gramaticales.   Presente En presente, \"sagen\" se conjuga de la siguiente manera: - Ich sage (Yo digo) - Du sagst (T\u00fa dices) - Er\/sie\/es sagt (\u00c9l\/ella dice) - Wir sagen (Nosotros decimos) - ... <a title=\"&quot;Sagen&quot; - Conjugaci\u00f3n del verbo alem\u00e1n\" class=\"read-more\" href=\"https:\/\/www.lingotop.com\/es\/sagen-conjugation-german\" aria-label=\"Leer m\u00e1s sobre &quot;Sagen&quot; - Conjugaci\u00f3n del verbo alem\u00e1n\">Leer m\u00e1s<\/a><\/p>","protected":false},"author":1,"featured_media":0,"comment_status":"closed","ping_status":"closed","sticky":false,"template":"","format":"standard","meta":{"_acf_changed":false,"footnotes":""},"categories":[30],"tags":[],"class_list":["post-1324","post","type-post","status-publish","format-standard","hentry","category-german"],"acf":[],"yoast_head":"<!-- This site is optimized with the Yoast SEO plugin v27.6 - https:\/\/yoast.com\/product\/yoast-seo-wordpress\/ -->\n<title>&quot;Sagen&quot; - Conjugation of the German Verb<\/title>\n<meta name=\"robots\" content=\"index, follow, max-snippet:-1, max-image-preview:large, max-video-preview:-1\" \/>\n<link rel=\"canonical\" href=\"https:\/\/www.lingotop.com\/es\/sagen-conjugacion-aleman\/\" \/>\n<meta property=\"og:locale\" content=\"es_ES\" \/>\n<meta property=\"og:type\" content=\"article\" \/>\n<meta property=\"og:title\" content=\"&quot;Sagen&quot; - Conjugation of the German Verb\" \/>\n<meta property=\"og:description\" content=\"The German verb &#8220;sagen&#8221; is an essential component of everyday communication. In this article, we&#039;ll look into its conjugation across various grammatical tenses. &nbsp; Present Tense In the present tense, &#8220;sagen&#8221; conjugates as follows: &#8211; Ich sage (I say) &#8211; Du sagst (You say) &#8211; Er\/sie\/es sagt (He\/she\/it says) &#8211; Wir sagen (We say) &#8211; ... Leer m\u00e1s\" \/>\n<meta property=\"og:url\" content=\"https:\/\/www.lingotop.com\/es\/sagen-conjugacion-aleman\/\" \/>\n<meta property=\"og:site_name\" content=\"Lingotop\" \/>\n<meta property=\"article:published_time\" content=\"2024-03-09T09:18:54+00:00\" \/>\n<meta property=\"article:modified_time\" content=\"2024-04-17T13:02:57+00:00\" \/>\n<meta name=\"author\" content=\"Jesper\" \/>\n<meta name=\"twitter:card\" content=\"summary_large_image\" \/>\n<meta name=\"twitter:label1\" content=\"Escrito por\" \/>\n\t<meta name=\"twitter:data1\" content=\"Jesper\" \/>\n\t<meta name=\"twitter:label2\" content=\"Tiempo de lectura\" \/>\n\t<meta name=\"twitter:data2\" content=\"2 minutos\" \/>\n<script type=\"application\/ld+json\" class=\"yoast-schema-graph\">{\"@context\":\"https:\\\/\\\/schema.org\",\"@graph\":[{\"@type\":\"Article\",\"@id\":\"https:\\\/\\\/www.lingotop.com\\\/sagen-conjugation-german#article\",\"isPartOf\":{\"@id\":\"https:\\\/\\\/www.lingotop.com\\\/sagen-conjugation-german\"},\"author\":{\"name\":\"Jesper\",\"@id\":\"https:\\\/\\\/www.lingotop.com\\\/en\\\/#\\\/schema\\\/person\\\/dedffff5c4a0c0a1bfc85f35b9e57021\"},\"headline\":\"&#8220;Sagen&#8221; &#8211; Conjugation of the German Verb\",\"datePublished\":\"2024-03-09T09:18:54+00:00\",\"dateModified\":\"2024-04-17T13:02:57+00:00\",\"mainEntityOfPage\":{\"@id\":\"https:\\\/\\\/www.lingotop.com\\\/sagen-conjugation-german\"},\"wordCount\":430,\"publisher\":{\"@id\":\"https:\\\/\\\/www.lingotop.com\\\/en\\\/#organization\"},\"articleSection\":[\"German\"],\"inLanguage\":\"es\"},{\"@type\":\"WebPage\",\"@id\":\"https:\\\/\\\/www.lingotop.com\\\/sagen-conjugation-german\",\"url\":\"https:\\\/\\\/www.lingotop.com\\\/sagen-conjugation-german\",\"name\":\"\\\"Sagen\\\" - Conjugation of the German Verb\",\"isPartOf\":{\"@id\":\"https:\\\/\\\/www.lingotop.com\\\/en\\\/#website\"},\"datePublished\":\"2024-03-09T09:18:54+00:00\",\"dateModified\":\"2024-04-17T13:02:57+00:00\",\"breadcrumb\":{\"@id\":\"https:\\\/\\\/www.lingotop.com\\\/sagen-conjugation-german#breadcrumb\"},\"inLanguage\":\"es\",\"potentialAction\":[{\"@type\":\"ReadAction\",\"target\":[\"https:\\\/\\\/www.lingotop.com\\\/sagen-conjugation-german\"]}]},{\"@type\":\"BreadcrumbList\",\"@id\":\"https:\\\/\\\/www.lingotop.com\\\/sagen-conjugation-german#breadcrumb\",\"itemListElement\":[{\"@type\":\"ListItem\",\"position\":1,\"name\":\"Home\",\"item\":\"https:\\\/\\\/www.lingotop.com\\\/\"},{\"@type\":\"ListItem\",\"position\":2,\"name\":\"&#8220;Sagen&#8221; &#8211; Conjugation of the German Verb\"}]},{\"@type\":\"WebSite\",\"@id\":\"https:\\\/\\\/www.lingotop.com\\\/en\\\/#website\",\"url\":\"https:\\\/\\\/www.lingotop.com\\\/en\\\/\",\"name\":\"Lingotop\",\"description\":\"Learn languages online\",\"publisher\":{\"@id\":\"https:\\\/\\\/www.lingotop.com\\\/en\\\/#organization\"},\"potentialAction\":[{\"@type\":\"SearchAction\",\"target\":{\"@type\":\"EntryPoint\",\"urlTemplate\":\"https:\\\/\\\/www.lingotop.com\\\/en\\\/?s={search_term_string}\"},\"query-input\":{\"@type\":\"PropertyValueSpecification\",\"valueRequired\":true,\"valueName\":\"search_term_string\"}}],\"inLanguage\":\"es\"},{\"@type\":\"Organization\",\"@id\":\"https:\\\/\\\/www.lingotop.com\\\/en\\\/#organization\",\"name\":\"Lingotop\",\"url\":\"https:\\\/\\\/www.lingotop.com\\\/en\\\/\",\"logo\":{\"@type\":\"ImageObject\",\"inLanguage\":\"es\",\"@id\":\"https:\\\/\\\/www.lingotop.com\\\/en\\\/#\\\/schema\\\/logo\\\/image\\\/\",\"url\":\"https:\\\/\\\/www.lingotop.com\\\/wp-content\\\/uploads\\\/2024\\\/03\\\/lingotop-logo-new.png?wsr\",\"contentUrl\":\"https:\\\/\\\/www.lingotop.com\\\/wp-content\\\/uploads\\\/2024\\\/03\\\/lingotop-logo-new.png?wsr\",\"width\":989,\"height\":222,\"caption\":\"Lingotop\"},\"image\":{\"@id\":\"https:\\\/\\\/www.lingotop.com\\\/en\\\/#\\\/schema\\\/logo\\\/image\\\/\"}},{\"@type\":\"Person\",\"@id\":\"https:\\\/\\\/www.lingotop.com\\\/en\\\/#\\\/schema\\\/person\\\/dedffff5c4a0c0a1bfc85f35b9e57021\",\"name\":\"Jesper\",\"image\":{\"@type\":\"ImageObject\",\"inLanguage\":\"es\",\"@id\":\"https:\\\/\\\/secure.gravatar.com\\\/avatar\\\/5ff46f83ce962a741bd719be7cb170e6ec9041c021a913406ca1498bec6a5b7e?s=96&d=mm&r=g\",\"url\":\"https:\\\/\\\/secure.gravatar.com\\\/avatar\\\/5ff46f83ce962a741bd719be7cb170e6ec9041c021a913406ca1498bec6a5b7e?s=96&d=mm&r=g\",\"contentUrl\":\"https:\\\/\\\/secure.gravatar.com\\\/avatar\\\/5ff46f83ce962a741bd719be7cb170e6ec9041c021a913406ca1498bec6a5b7e?s=96&d=mm&r=g\",\"caption\":\"Jesper\"}}]}<\/script>\n<!-- \/ Yoast SEO plugin. -->","yoast_head_json":{"title":"\"Sagen\" - Conjugaci\u00f3n del verbo alem\u00e1n","robots":{"index":"index","follow":"follow","max-snippet":"max-snippet:-1","max-image-preview":"max-image-preview:large","max-video-preview":"max-video-preview:-1"},"canonical":"https:\/\/www.lingotop.com\/es\/sagen-conjugacion-aleman\/","og_locale":"es_ES","og_type":"article","og_title":"\"Sagen\" - Conjugation of the German Verb","og_description":"The German verb &#8220;sagen&#8221; is an essential component of everyday communication. In this article, we'll look into its conjugation across various grammatical tenses. &nbsp; Present Tense In the present tense, &#8220;sagen&#8221; conjugates as follows: &#8211; Ich sage (I say) &#8211; Du sagst (You say) &#8211; Er\/sie\/es sagt (He\/she\/it says) &#8211; Wir sagen (We say) &#8211; ... Leer m\u00e1s","og_url":"https:\/\/www.lingotop.com\/es\/sagen-conjugacion-aleman\/","og_site_name":"Lingotop","article_published_time":"2024-03-09T09:18:54+00:00","article_modified_time":"2024-04-17T13:02:57+00:00","author":"Jesper","twitter_card":"summary_large_image","twitter_misc":{"Escrito por":"Jesper","Tiempo de lectura":"2 minutos"},"schema":{"@context":"https:\/\/schema.org","@graph":[{"@type":"Article","@id":"https:\/\/www.lingotop.com\/sagen-conjugation-german#article","isPartOf":{"@id":"https:\/\/www.lingotop.com\/sagen-conjugation-german"},"author":{"name":"Jesper","@id":"https:\/\/www.lingotop.com\/en\/#\/schema\/person\/dedffff5c4a0c0a1bfc85f35b9e57021"},"headline":"&#8220;Sagen&#8221; &#8211; Conjugation of the German Verb","datePublished":"2024-03-09T09:18:54+00:00","dateModified":"2024-04-17T13:02:57+00:00","mainEntityOfPage":{"@id":"https:\/\/www.lingotop.com\/sagen-conjugation-german"},"wordCount":430,"publisher":{"@id":"https:\/\/www.lingotop.com\/en\/#organization"},"articleSection":["German"],"inLanguage":"es"},{"@type":"WebPage","@id":"https:\/\/www.lingotop.com\/sagen-conjugation-german","url":"https:\/\/www.lingotop.com\/sagen-conjugation-german","name":"\"Sagen\" - Conjugaci\u00f3n del verbo alem\u00e1n","isPartOf":{"@id":"https:\/\/www.lingotop.com\/en\/#website"},"datePublished":"2024-03-09T09:18:54+00:00","dateModified":"2024-04-17T13:02:57+00:00","breadcrumb":{"@id":"https:\/\/www.lingotop.com\/sagen-conjugation-german#breadcrumb"},"inLanguage":"es","potentialAction":[{"@type":"ReadAction","target":["https:\/\/www.lingotop.com\/sagen-conjugation-german"]}]},{"@type":"BreadcrumbList","@id":"https:\/\/www.lingotop.com\/sagen-conjugation-german#breadcrumb","itemListElement":[{"@type":"ListItem","position":1,"name":"Home","item":"https:\/\/www.lingotop.com\/"},{"@type":"ListItem","position":2,"name":"&#8220;Sagen&#8221; &#8211; Conjugation of the German Verb"}]},{"@type":"WebSite","@id":"https:\/\/www.lingotop.com\/en\/#website","url":"https:\/\/www.lingotop.com\/en\/","name":"Lingotop","description":"Aprender idiomas en l\u00ednea","publisher":{"@id":"https:\/\/www.lingotop.com\/en\/#organization"},"potentialAction":[{"@type":"SearchAction","target":{"@type":"EntryPoint","urlTemplate":"https:\/\/www.lingotop.com\/en\/?s={search_term_string}"},"query-input":{"@type":"PropertyValueSpecification","valueRequired":true,"valueName":"search_term_string"}}],"inLanguage":"es"},{"@type":"Organization","@id":"https:\/\/www.lingotop.com\/en\/#organization","name":"Lingotop","url":"https:\/\/www.lingotop.com\/en\/","logo":{"@type":"ImageObject","inLanguage":"es","@id":"https:\/\/www.lingotop.com\/en\/#\/schema\/logo\/image\/","url":"https:\/\/www.lingotop.com\/wp-content\/uploads\/2024\/03\/lingotop-logo-new.png?wsr","contentUrl":"https:\/\/www.lingotop.com\/wp-content\/uploads\/2024\/03\/lingotop-logo-new.png?wsr","width":989,"height":222,"caption":"Lingotop"},"image":{"@id":"https:\/\/www.lingotop.com\/en\/#\/schema\/logo\/image\/"}},{"@type":"Person","@id":"https:\/\/www.lingotop.com\/en\/#\/schema\/person\/dedffff5c4a0c0a1bfc85f35b9e57021","name":"Jesper","image":{"@type":"ImageObject","inLanguage":"es","@id":"https:\/\/secure.gravatar.com\/avatar\/5ff46f83ce962a741bd719be7cb170e6ec9041c021a913406ca1498bec6a5b7e?s=96&d=mm&r=g","url":"https:\/\/secure.gravatar.com\/avatar\/5ff46f83ce962a741bd719be7cb170e6ec9041c021a913406ca1498bec6a5b7e?s=96&d=mm&r=g","contentUrl":"https:\/\/secure.gravatar.com\/avatar\/5ff46f83ce962a741bd719be7cb170e6ec9041c021a913406ca1498bec6a5b7e?s=96&d=mm&r=g","caption":"Jesper"}}]}},"_links":{"self":[{"href":"https:\/\/www.lingotop.com\/es\/wp-json\/wp\/v2\/posts\/1324","targetHints":{"allow":["GET"]}}],"collection":[{"href":"https:\/\/www.lingotop.com\/es\/wp-json\/wp\/v2\/posts"}],"about":[{"href":"https:\/\/www.lingotop.com\/es\/wp-json\/wp\/v2\/types\/post"}],"author":[{"embeddable":true,"href":"https:\/\/www.lingotop.com\/es\/wp-json\/wp\/v2\/users\/1"}],"replies":[{"embeddable":true,"href":"https:\/\/www.lingotop.com\/es\/wp-json\/wp\/v2\/comments?post=1324"}],"version-history":[{"count":5,"href":"https:\/\/www.lingotop.com\/es\/wp-json\/wp\/v2\/posts\/1324\/revisions"}],"predecessor-version":[{"id":2167,"href":"https:\/\/www.lingotop.com\/es\/wp-json\/wp\/v2\/posts\/1324\/revisions\/2167"}],"wp:attachment":[{"href":"https:\/\/www.lingotop.com\/es\/wp-json\/wp\/v2\/media?parent=1324"}],"wp:term":[{"taxonomy":"category","embeddable":true,"href":"https:\/\/www.lingotop.com\/es\/wp-json\/wp\/v2\/categories?post=1324"},{"taxonomy":"post_tag","embeddable":true,"href":"https:\/\/www.lingotop.com\/es\/wp-json\/wp\/v2\/tags?post=1324"}],"curies":[{"name":"wp","href":"https:\/\/api.w.org\/{rel}","templated":true}]}}