{"id":1569,"date":"2024-03-31T10:10:25","date_gmt":"2024-03-31T10:10:25","guid":{"rendered":"https:\/\/www.lingotop.com\/?p=1569"},"modified":"2024-03-08T06:13:12","modified_gmt":"2024-03-08T06:13:12","slug":"tyske-refleksive-verber-og-deres-brug-i-kontekst","status":"publish","type":"post","link":"https:\/\/www.lingotop.com\/da\/german-reflexive-verbs-and-their-usage-in-context","title":{"rendered":"Tyske refleksive verber og deres brug i kontekst"},"content":{"rendered":"<div id=\"lingo-2081789288\" class=\"lingo-before-content-2 lingo-entity-placement\"><div class=\"not\" data-no-auto-translation=\"\">\r\n<div style=\"text-align: center; margin-bottom: 30px; padding: 15px 10px 20px 10px; border: solid #efefef;\">\r\n<div style=\"font-weight: bold; font-size: 120%; padding-bottom: 10px;\">Vil du l\u00e6re et sprog hurtigere?<\/div>\r\n<p>Den rigtige app kan g\u00f8re hele forskellen.<\/p>\r\n<p>Tag denne gratis 30-sekunders quiz og find den app, der hj\u00e6lper dig med at l\u00e6re hurtigere.<\/p>\r\n<a class=\"a4\" href=\"https:\/\/www.lingotop.com\/da\/sprogtest\" rel=\"nofollow noopener\" target=\"_blank\">Start quizzen<\/a><br \/>\r\n<\/div>\t<\/div><\/div><p>Refleksive verber spiller en afg\u00f8rende rolle i det tyske sprog, da de angiver handlinger, som subjektet udf\u00f8rer p\u00e5 sig selv. At forst\u00e5, hvordan man bruger refleksive verber korrekt, kan i h\u00f8j grad forbedre din evne til at kommunikere effektivt p\u00e5 tysk. I denne artikel ser vi p\u00e5 brugen af tyske refleksive verber i forskellige sammenh\u00e6nge sammen med eksempler, der illustrerer deres brug.<\/p>\n<p>&nbsp;<\/p>\n<h2>Hvad er refleksive verber?<\/h2>\n<p>Refleksive verber p\u00e5 tysk er verber, der ledsages af et refleksivt pronomen, som typisk ender p\u00e5 <span class=\"not\" data-no-auto-translation=\"\">&#8220;-self&#8221;<\/span> eller <span class=\"not\" data-no-auto-translation=\"\">&#8220;-selves&#8221;<\/span> p\u00e5 engelsk. Disse pronominer indikerer, at verbets handling reflekteres tilbage p\u00e5 subjektet. For eksempel, <span class=\"not\" data-no-auto-translation=\"\">&#8220;sich waschen&#8221;<\/span> betyder \"at vaske sig\", hvor <span class=\"not\" data-no-auto-translation=\"\">&#8220;sich&#8221;<\/span> er det refleksive pronomen.<\/p>\n<p>&nbsp;<\/p>\n<h2>Refleksive verber i daglige aktiviteter<\/h2>\n<p>Refleksive verber bruges ofte til at beskrive daglige aktiviteter, som personer udf\u00f8rer p\u00e5 sig selv. Her er nogle eksempler:<\/p>\n<ol>\n<li>\n<p><strong><span class=\"not\" data-no-auto-translation=\"\">sich anziehen<\/span><\/strong> - at kl\u00e6de sig p\u00e5<br \/>\n<em>Eksempel: <span class=\"not\" data-no-auto-translation=\"\">Ich ziehe mich morgens schnell an.<\/span><\/em> (Jeg kl\u00e6der mig hurtigt p\u00e5 om morgenen).<\/p>\n<\/li>\n<li>\n<p><strong><span class=\"not\" data-no-auto-translation=\"\">sich waschen<\/span><\/strong> - at vaske sig selv<br \/>\n<em>Eksempel: <span class=\"not\" data-no-auto-translation=\"\">Er w\u00e4scht sich gr\u00fcndlich die H\u00e4nde.<\/span><\/em> (Han vasker sine h\u00e6nder grundigt.)<\/p>\n<\/li>\n<li>\n<p><strong><span class=\"not\" data-no-auto-translation=\"\">sich die Haare k\u00e4mmen<\/span><\/strong> - at rede sit h\u00e5r<br \/>\n<em>Eksempel: <span class=\"not\" data-no-auto-translation=\"\">Sie k\u00e4mmt sich die Haare vor dem Spiegel.<\/span><\/em> (Hun reder sit h\u00e5r foran spejlet).<\/p>\n<\/li>\n<\/ol>\n<p>&nbsp;<\/p>\n<h2>Refleksive verber i f\u00f8lelser og tilstande<\/h2>\n<p>Refleksive verber bruges ogs\u00e5 til at udtrykke f\u00f8lelser eller tilstande, der p\u00e5virker en selv. Her er et par eksempler:<\/p>\n<ol>\n<li>\n<p><strong><span class=\"not\" data-no-auto-translation=\"\">sich freuen<\/span><\/strong> - at v\u00e6re lykkelig<br \/>\n<em>Eksempel: <span class=\"not\" data-no-auto-translation=\"\">Wir freuen uns auf das Wochenende.<\/span><\/em> (Vi gl\u00e6der os til weekenden).<\/p>\n<\/li>\n<li>\n<p><strong><span class=\"not\" data-no-auto-translation=\"\">sich \u00e4rgern<\/span><\/strong> - at v\u00e6re irriteret<br \/>\n<em>Eksempel: <span class=\"not\" data-no-auto-translation=\"\">Warum \u00e4rgerst du dich \u00fcber kleine Dinge?<\/span><\/em> (Hvorfor bliver du irriteret over sm\u00e5 ting?)<\/p>\n<\/li>\n<li>\n<p><strong><span class=\"not\" data-no-auto-translation=\"\">sich entspannen<\/span><\/strong> - for at slappe af<br \/>\n<em>Eksempel: <span class=\"not\" data-no-auto-translation=\"\">Nach der Arbeit entspannt er sich gerne vor dem Fernseher.<\/span><\/em> (Efter arbejde kan han godt lide at slappe af foran fjernsynet).<\/p>\n<\/li>\n<\/ol>\n<p>&nbsp;<\/p>\n<h2>Refleksive verber i gensidige handlinger<\/h2>\n<p>Refleksive verber kan ogs\u00e5 angive gensidige handlinger mellem to eller flere personer. Her er et par eksempler:<\/p>\n<ol>\n<li>\n<p><strong><span class=\"not\" data-no-auto-translation=\"\">sich treffen<\/span><\/strong> - at m\u00f8de hinanden<br \/>\n<em>Eksempel: <span class=\"not\" data-no-auto-translation=\"\">Wir treffen uns morgen im Caf\u00e9.<\/span><\/em> (Vi skal m\u00f8des p\u00e5 caf\u00e9en i morgen.)<\/p>\n<\/li>\n<li>\n<p><strong><span class=\"not\" data-no-auto-translation=\"\">sich umarmen<\/span><\/strong> - at kramme hinanden<br \/>\n<em>Eksempel: <span class=\"not\" data-no-auto-translation=\"\">Die Freunde umarmen sich zur Begr\u00fc\u00dfung.<\/span><\/em> (Vennerne krammer hinanden til hilsen).<\/p>\n<\/li>\n<\/ol>\n<div id=\"lingo-1227839246\" class=\"lingo-after-content-2 lingo-entity-placement\"><div class=\"not\" data-no-auto-translation=\"\">\r\n<div style=\"text-align: center; margin-bottom: 30px; padding: 15px 10px 20px 10px; border: solid #efefef;\">\r\n<div style=\"font-weight: bold; font-size: 120%; padding-bottom: 10px;\">Vil du l\u00e6re et sprog hurtigere?<\/div>\r\n<p>Den rigtige app kan g\u00f8re hele forskellen.<\/p>\r\n<p>Tag denne gratis 30-sekunders quiz og find den app, der hj\u00e6lper dig med at l\u00e6re hurtigere.<\/p>\r\n<a class=\"a4\" href=\"https:\/\/www.lingotop.com\/da\/sprogtest\" rel=\"nofollow noopener\" target=\"_blank\">Start quizzen<\/a><br \/>\r\n<\/div><\/div><\/div>","protected":false},"excerpt":{"rendered":"<p>Refleksive verber spiller en afg\u00f8rende rolle i det tyske sprog og angiver handlinger, som subjektet udf\u00f8rer p\u00e5 sig selv. At forst\u00e5, hvordan man bruger refleksive verber korrekt, kan i h\u00f8j grad forbedre din evne til at kommunikere effektivt p\u00e5 tysk. I denne artikel vil vi se p\u00e5 brugen af tyske refleksive verber i forskellige sammenh\u00e6nge, sammen med eksempler til at illustrere ... <a title=\"Tyske refleksive verber og deres brug i kontekst\" class=\"read-more\" href=\"https:\/\/www.lingotop.com\/da\/german-reflexive-verbs-and-their-usage-in-context\" aria-label=\"L\u00e6s mere om tyske refleksive verber og deres brug i kontekst\">L\u00e6s mere <\/a><\/p>","protected":false},"author":1,"featured_media":0,"comment_status":"closed","ping_status":"closed","sticky":false,"template":"","format":"standard","meta":{"_acf_changed":false,"footnotes":""},"categories":[30],"tags":[],"class_list":["post-1569","post","type-post","status-publish","format-standard","hentry","category-german"],"acf":[],"yoast_head":"<!-- This site is optimized with the Yoast SEO plugin v27.6 - https:\/\/yoast.com\/product\/yoast-seo-wordpress\/ -->\n<title>German Reflexive Verbs and Their Usage in Context<\/title>\n<meta name=\"robots\" content=\"index, follow, max-snippet:-1, max-image-preview:large, max-video-preview:-1\" \/>\n<link rel=\"canonical\" href=\"https:\/\/www.lingotop.com\/da\/tyske-refleksive-verber-og-deres-brug-i-kontekst\/\" \/>\n<meta property=\"og:locale\" content=\"da_DK\" \/>\n<meta property=\"og:type\" content=\"article\" \/>\n<meta property=\"og:title\" content=\"German Reflexive Verbs and Their Usage in Context\" \/>\n<meta property=\"og:description\" content=\"Reflexive verbs play a crucial role in the German language, indicating actions that the subject performs on itself. Understanding how to use reflexive verbs correctly can greatly enhance your ability to communicate effectively in German. In this article, we&#039;ll look into the usage of German reflexive verbs in various contexts, along with examples to illustrate ... L\u00e6s mere\" \/>\n<meta property=\"og:url\" content=\"https:\/\/www.lingotop.com\/da\/tyske-refleksive-verber-og-deres-brug-i-kontekst\/\" \/>\n<meta property=\"og:site_name\" content=\"Lingotop\" \/>\n<meta property=\"article:published_time\" content=\"2024-03-31T10:10:25+00:00\" \/>\n<meta name=\"author\" content=\"Jesper\" \/>\n<meta name=\"twitter:card\" content=\"summary_large_image\" \/>\n<meta name=\"twitter:label1\" content=\"Skrevet af\" \/>\n\t<meta name=\"twitter:data1\" content=\"Jesper\" \/>\n\t<meta name=\"twitter:label2\" content=\"Estimeret l\u00e6setid\" \/>\n\t<meta name=\"twitter:data2\" content=\"2 minutter\" \/>\n<script type=\"application\/ld+json\" class=\"yoast-schema-graph\">{\"@context\":\"https:\\\/\\\/schema.org\",\"@graph\":[{\"@type\":\"Article\",\"@id\":\"https:\\\/\\\/www.lingotop.com\\\/german-reflexive-verbs-and-their-usage-in-context#article\",\"isPartOf\":{\"@id\":\"https:\\\/\\\/www.lingotop.com\\\/german-reflexive-verbs-and-their-usage-in-context\"},\"author\":{\"name\":\"Jesper\",\"@id\":\"https:\\\/\\\/www.lingotop.com\\\/en\\\/#\\\/schema\\\/person\\\/dedffff5c4a0c0a1bfc85f35b9e57021\"},\"headline\":\"German Reflexive Verbs and Their Usage in Context\",\"datePublished\":\"2024-03-31T10:10:25+00:00\",\"mainEntityOfPage\":{\"@id\":\"https:\\\/\\\/www.lingotop.com\\\/german-reflexive-verbs-and-their-usage-in-context\"},\"wordCount\":375,\"publisher\":{\"@id\":\"https:\\\/\\\/www.lingotop.com\\\/en\\\/#organization\"},\"articleSection\":[\"German\"],\"inLanguage\":\"da-DK\"},{\"@type\":\"WebPage\",\"@id\":\"https:\\\/\\\/www.lingotop.com\\\/german-reflexive-verbs-and-their-usage-in-context\",\"url\":\"https:\\\/\\\/www.lingotop.com\\\/german-reflexive-verbs-and-their-usage-in-context\",\"name\":\"German Reflexive Verbs and Their Usage in Context\",\"isPartOf\":{\"@id\":\"https:\\\/\\\/www.lingotop.com\\\/en\\\/#website\"},\"datePublished\":\"2024-03-31T10:10:25+00:00\",\"breadcrumb\":{\"@id\":\"https:\\\/\\\/www.lingotop.com\\\/german-reflexive-verbs-and-their-usage-in-context#breadcrumb\"},\"inLanguage\":\"da-DK\",\"potentialAction\":[{\"@type\":\"ReadAction\",\"target\":[\"https:\\\/\\\/www.lingotop.com\\\/german-reflexive-verbs-and-their-usage-in-context\"]}]},{\"@type\":\"BreadcrumbList\",\"@id\":\"https:\\\/\\\/www.lingotop.com\\\/german-reflexive-verbs-and-their-usage-in-context#breadcrumb\",\"itemListElement\":[{\"@type\":\"ListItem\",\"position\":1,\"name\":\"Home\",\"item\":\"https:\\\/\\\/www.lingotop.com\\\/\"},{\"@type\":\"ListItem\",\"position\":2,\"name\":\"German Reflexive Verbs and Their Usage in Context\"}]},{\"@type\":\"WebSite\",\"@id\":\"https:\\\/\\\/www.lingotop.com\\\/en\\\/#website\",\"url\":\"https:\\\/\\\/www.lingotop.com\\\/en\\\/\",\"name\":\"Lingotop\",\"description\":\"Learn languages online\",\"publisher\":{\"@id\":\"https:\\\/\\\/www.lingotop.com\\\/en\\\/#organization\"},\"potentialAction\":[{\"@type\":\"SearchAction\",\"target\":{\"@type\":\"EntryPoint\",\"urlTemplate\":\"https:\\\/\\\/www.lingotop.com\\\/en\\\/?s={search_term_string}\"},\"query-input\":{\"@type\":\"PropertyValueSpecification\",\"valueRequired\":true,\"valueName\":\"search_term_string\"}}],\"inLanguage\":\"da-DK\"},{\"@type\":\"Organization\",\"@id\":\"https:\\\/\\\/www.lingotop.com\\\/en\\\/#organization\",\"name\":\"Lingotop\",\"url\":\"https:\\\/\\\/www.lingotop.com\\\/en\\\/\",\"logo\":{\"@type\":\"ImageObject\",\"inLanguage\":\"da-DK\",\"@id\":\"https:\\\/\\\/www.lingotop.com\\\/en\\\/#\\\/schema\\\/logo\\\/image\\\/\",\"url\":\"https:\\\/\\\/www.lingotop.com\\\/wp-content\\\/uploads\\\/2024\\\/03\\\/lingotop-logo-new.png?wsr\",\"contentUrl\":\"https:\\\/\\\/www.lingotop.com\\\/wp-content\\\/uploads\\\/2024\\\/03\\\/lingotop-logo-new.png?wsr\",\"width\":989,\"height\":222,\"caption\":\"Lingotop\"},\"image\":{\"@id\":\"https:\\\/\\\/www.lingotop.com\\\/en\\\/#\\\/schema\\\/logo\\\/image\\\/\"}},{\"@type\":\"Person\",\"@id\":\"https:\\\/\\\/www.lingotop.com\\\/en\\\/#\\\/schema\\\/person\\\/dedffff5c4a0c0a1bfc85f35b9e57021\",\"name\":\"Jesper\",\"image\":{\"@type\":\"ImageObject\",\"inLanguage\":\"da-DK\",\"@id\":\"https:\\\/\\\/secure.gravatar.com\\\/avatar\\\/5ff46f83ce962a741bd719be7cb170e6ec9041c021a913406ca1498bec6a5b7e?s=96&d=mm&r=g\",\"url\":\"https:\\\/\\\/secure.gravatar.com\\\/avatar\\\/5ff46f83ce962a741bd719be7cb170e6ec9041c021a913406ca1498bec6a5b7e?s=96&d=mm&r=g\",\"contentUrl\":\"https:\\\/\\\/secure.gravatar.com\\\/avatar\\\/5ff46f83ce962a741bd719be7cb170e6ec9041c021a913406ca1498bec6a5b7e?s=96&d=mm&r=g\",\"caption\":\"Jesper\"}}]}<\/script>\n<!-- \/ Yoast SEO plugin. -->","yoast_head_json":{"title":"Tyske refleksive verber og deres brug i kontekst","robots":{"index":"index","follow":"follow","max-snippet":"max-snippet:-1","max-image-preview":"max-image-preview:large","max-video-preview":"max-video-preview:-1"},"canonical":"https:\/\/www.lingotop.com\/da\/tyske-refleksive-verber-og-deres-brug-i-kontekst\/","og_locale":"da_DK","og_type":"article","og_title":"German Reflexive Verbs and Their Usage in Context","og_description":"Reflexive verbs play a crucial role in the German language, indicating actions that the subject performs on itself. Understanding how to use reflexive verbs correctly can greatly enhance your ability to communicate effectively in German. In this article, we'll look into the usage of German reflexive verbs in various contexts, along with examples to illustrate ... L\u00e6s mere","og_url":"https:\/\/www.lingotop.com\/da\/tyske-refleksive-verber-og-deres-brug-i-kontekst\/","og_site_name":"Lingotop","article_published_time":"2024-03-31T10:10:25+00:00","author":"Jesper","twitter_card":"summary_large_image","twitter_misc":{"Skrevet af":"Jesper","Estimeret l\u00e6setid":"2 minutter"},"schema":{"@context":"https:\/\/schema.org","@graph":[{"@type":"Article","@id":"https:\/\/www.lingotop.com\/german-reflexive-verbs-and-their-usage-in-context#article","isPartOf":{"@id":"https:\/\/www.lingotop.com\/german-reflexive-verbs-and-their-usage-in-context"},"author":{"name":"Jesper","@id":"https:\/\/www.lingotop.com\/en\/#\/schema\/person\/dedffff5c4a0c0a1bfc85f35b9e57021"},"headline":"German Reflexive Verbs and Their Usage in Context","datePublished":"2024-03-31T10:10:25+00:00","mainEntityOfPage":{"@id":"https:\/\/www.lingotop.com\/german-reflexive-verbs-and-their-usage-in-context"},"wordCount":375,"publisher":{"@id":"https:\/\/www.lingotop.com\/en\/#organization"},"articleSection":["German"],"inLanguage":"da-DK"},{"@type":"WebPage","@id":"https:\/\/www.lingotop.com\/german-reflexive-verbs-and-their-usage-in-context","url":"https:\/\/www.lingotop.com\/german-reflexive-verbs-and-their-usage-in-context","name":"Tyske refleksive verber og deres brug i kontekst","isPartOf":{"@id":"https:\/\/www.lingotop.com\/en\/#website"},"datePublished":"2024-03-31T10:10:25+00:00","breadcrumb":{"@id":"https:\/\/www.lingotop.com\/german-reflexive-verbs-and-their-usage-in-context#breadcrumb"},"inLanguage":"da-DK","potentialAction":[{"@type":"ReadAction","target":["https:\/\/www.lingotop.com\/german-reflexive-verbs-and-their-usage-in-context"]}]},{"@type":"BreadcrumbList","@id":"https:\/\/www.lingotop.com\/german-reflexive-verbs-and-their-usage-in-context#breadcrumb","itemListElement":[{"@type":"ListItem","position":1,"name":"Home","item":"https:\/\/www.lingotop.com\/"},{"@type":"ListItem","position":2,"name":"German Reflexive Verbs and Their Usage in Context"}]},{"@type":"WebSite","@id":"https:\/\/www.lingotop.com\/en\/#website","url":"https:\/\/www.lingotop.com\/en\/","name":"Lingotop","description":"L\u00e6r sprog online","publisher":{"@id":"https:\/\/www.lingotop.com\/en\/#organization"},"potentialAction":[{"@type":"SearchAction","target":{"@type":"EntryPoint","urlTemplate":"https:\/\/www.lingotop.com\/en\/?s={search_term_string}"},"query-input":{"@type":"PropertyValueSpecification","valueRequired":true,"valueName":"search_term_string"}}],"inLanguage":"da-DK"},{"@type":"Organization","@id":"https:\/\/www.lingotop.com\/en\/#organization","name":"Lingotop","url":"https:\/\/www.lingotop.com\/en\/","logo":{"@type":"ImageObject","inLanguage":"da-DK","@id":"https:\/\/www.lingotop.com\/en\/#\/schema\/logo\/image\/","url":"https:\/\/www.lingotop.com\/wp-content\/uploads\/2024\/03\/lingotop-logo-new.png?wsr","contentUrl":"https:\/\/www.lingotop.com\/wp-content\/uploads\/2024\/03\/lingotop-logo-new.png?wsr","width":989,"height":222,"caption":"Lingotop"},"image":{"@id":"https:\/\/www.lingotop.com\/en\/#\/schema\/logo\/image\/"}},{"@type":"Person","@id":"https:\/\/www.lingotop.com\/en\/#\/schema\/person\/dedffff5c4a0c0a1bfc85f35b9e57021","name":"Jesper","image":{"@type":"ImageObject","inLanguage":"da-DK","@id":"https:\/\/secure.gravatar.com\/avatar\/5ff46f83ce962a741bd719be7cb170e6ec9041c021a913406ca1498bec6a5b7e?s=96&d=mm&r=g","url":"https:\/\/secure.gravatar.com\/avatar\/5ff46f83ce962a741bd719be7cb170e6ec9041c021a913406ca1498bec6a5b7e?s=96&d=mm&r=g","contentUrl":"https:\/\/secure.gravatar.com\/avatar\/5ff46f83ce962a741bd719be7cb170e6ec9041c021a913406ca1498bec6a5b7e?s=96&d=mm&r=g","caption":"Jesper"}}]}},"_links":{"self":[{"href":"https:\/\/www.lingotop.com\/da\/wp-json\/wp\/v2\/posts\/1569","targetHints":{"allow":["GET"]}}],"collection":[{"href":"https:\/\/www.lingotop.com\/da\/wp-json\/wp\/v2\/posts"}],"about":[{"href":"https:\/\/www.lingotop.com\/da\/wp-json\/wp\/v2\/types\/post"}],"author":[{"embeddable":true,"href":"https:\/\/www.lingotop.com\/da\/wp-json\/wp\/v2\/users\/1"}],"replies":[{"embeddable":true,"href":"https:\/\/www.lingotop.com\/da\/wp-json\/wp\/v2\/comments?post=1569"}],"version-history":[{"count":4,"href":"https:\/\/www.lingotop.com\/da\/wp-json\/wp\/v2\/posts\/1569\/revisions"}],"predecessor-version":[{"id":1766,"href":"https:\/\/www.lingotop.com\/da\/wp-json\/wp\/v2\/posts\/1569\/revisions\/1766"}],"wp:attachment":[{"href":"https:\/\/www.lingotop.com\/da\/wp-json\/wp\/v2\/media?parent=1569"}],"wp:term":[{"taxonomy":"category","embeddable":true,"href":"https:\/\/www.lingotop.com\/da\/wp-json\/wp\/v2\/categories?post=1569"},{"taxonomy":"post_tag","embeddable":true,"href":"https:\/\/www.lingotop.com\/da\/wp-json\/wp\/v2\/tags?post=1569"}],"curies":[{"name":"wp","href":"https:\/\/api.w.org\/{rel}","templated":true}]}}